{"id":4782,"date":"2020-12-16T07:22:11","date_gmt":"2020-12-16T13:22:11","guid":{"rendered":"https:\/\/www.dallassymphony.org\/?p=4782"},"modified":"2021-02-18T16:30:01","modified_gmt":"2021-02-18T22:30:01","slug":"on-the-record","status":"publish","type":"post","link":"https:\/\/www.dallassymphony.org\/es\/on-the-record\/","title":{"rendered":"En el registro"},"content":{"rendered":"<div class=\"richtext m-spacer\">\n\t<div class=\"container\">\n\t\t<div class=\"row\">\n\t\t\t<div class=\"col-10\">\n\t\t\t\t\n\n<figure class=\"wp-block-image size-large\"><img loading=\"lazy\" decoding=\"async\" width=\"1024\" height=\"689\" src=\"https:\/\/www.dallassymphony.org\/wp-content\/uploads\/2020\/11\/On-the-record-logo-1600-x-1076-1024x689.jpg\" alt=\"Logotipo de On the Record presentado por Sarah Kienle\" class=\"wp-image-2981\" srcset=\"https:\/\/www.dallassymphony.org\/wp-content\/uploads\/2020\/11\/On-the-record-logo-1600-x-1076-1024x689.jpg 1024w, https:\/\/www.dallassymphony.org\/wp-content\/uploads\/2020\/11\/On-the-record-logo-1600-x-1076-300x202.jpg 300w, https:\/\/www.dallassymphony.org\/wp-content\/uploads\/2020\/11\/On-the-record-logo-1600-x-1076-768x516.jpg 768w, https:\/\/www.dallassymphony.org\/wp-content\/uploads\/2020\/11\/On-the-record-logo-1600-x-1076-1536x1033.jpg 1536w, https:\/\/www.dallassymphony.org\/wp-content\/uploads\/2020\/11\/On-the-record-logo-1600-x-1076-16x12.jpg 16w, https:\/\/www.dallassymphony.org\/wp-content\/uploads\/2020\/11\/On-the-record-logo-1600-x-1076.jpg 1600w\" sizes=\"auto, (max-width: 1024px) 100vw, 1024px\" \/><\/figure>\n\n\n\n<p>On the Record es una serie de podcasts presentados por Sarah Kienle, viola principal interina de la Orquesta Sinf\u00f3nica de Dallas.   En estas conversaciones informales, Sarah pregunta a otros m\u00fasicos de la DSO qu\u00e9 piezas musicales espec\u00edficas les inspiran.  Hasta ahora, hemos escuchado desde Mozart hasta Madonna.  Tambi\u00e9n profundiza en los aspectos t\u00e9cnicos de ser miembro de una orquesta. <\/p>\n\n\n\n<p>Nos encanta esta serie porque nos da una visi\u00f3n \u00edntima de los creadores de m\u00fasica de la Sinf\u00f3nica de Dallas de una manera que no hemos escuchado antes. <\/p>\n\n\n\n<hr class=\"wp-block-separator\"\/>\n\n\n\n<h2 class=\"wp-block-heading\" id=\"h-episodes\">Episodios<\/h2>\n\n\n\n<p><a href=\"https:\/\/www.dallassymphony.org\/es\/news\/ontherecord\/\">On The Record - Steve Ahearn<\/a><\/p>\n\n\n\n<p><a href=\"https:\/\/www.dallassymphony.org\/es\/news\/ontherecordhearn\/\">On The Record - Barry Hearn<\/a><\/p>\n\n\n\n<p><a href=\"https:\/\/www.dallassymphony.org\/es\/news\/ontherecordkitzman\/\">On The Record - Diane Kitzman<\/a><\/p>\n\n\n\n<p><a href=\"https:\/\/www.dallassymphony.org\/es\/news\/ontherecord_emily\/\">On The Record - Emily Levin<\/a><\/p>\n\n\n\n<p><a href=\"https:\/\/www.dallassymphony.org\/es\/news\/ontherecordnickson\/\">On The Record - George Nickson<\/a><\/p>\n\n\n\n<p><a href=\"https:\/\/www.dallassymphony.org\/es\/news\/ontherecordsoluri\/\">On The Record - Ted Soluri<\/a><\/p>\n\n\n\n<p><a href=\"https:\/\/www.dallassymphony.org\/es\/news\/on-the-record-theodore-harvey\/\">On The Record - Theodore Harvey<\/a><\/p>\n\n\n\n<p><a href=\"https:\/\/www.dallassymphony.org\/es\/news\/ontherecordumlauf\/\">On The Record - Lydia Umlauf<\/a><\/p>\n\n\n\n<p><a href=\"https:\/\/www.dallassymphony.org\/es\/news\/on-the-record-mark-wilson\/\">On The Record - Mark Wilson<\/a><\/p>\n\n\n\n<p><a href=\"https:\/\/www.dallassymphony.org\/es\/news\/on-the-record-kara-kirkendoll-welch\/\">On The Record - Kara Kirkendoll Welch<\/a><\/p>\n\n\n\n<p><a href=\"https:\/\/www.dallassymphony.org\/es\/news\/on-the-record-kevin-finamore\/\">On The Record - Kevin Finamore<\/a><\/p>\n\n\n\n<p><a href=\"https:\/\/www.dallassymphony.org\/es\/news\/on-the-record-matt-good\/\">On the Record - Matt Good<\/a><\/p>\n\n\n\n<p><a href=\"https:\/\/www.dallassymphony.org\/es\/news\/on-the-record-brian-jones\/\">On the Record - Brian Jones<\/a><\/p>\n\n\n\n<hr class=\"wp-block-separator\"\/>\n\n\n\n<div class=\"wp-block-columns is-layout-flex wp-container-core-columns-is-layout-9d6595d7 wp-block-columns-is-layout-flex\">\n<div class=\"wp-block-column is-layout-flow wp-block-column-is-layout-flow\" style=\"flex-basis:33.33%\">\n<figure class=\"wp-block-image size-medium\"><img loading=\"lazy\" decoding=\"async\" width=\"300\" height=\"202\" src=\"https:\/\/www.dallassymphony.org\/wp-content\/uploads\/2020\/12\/Sarah-Kienle-1600-x-1076-300x202.jpg\" alt=\"Sarah Kienle ACTING ASSOCIATE PRINCIPAL VIOLA Dallas Symphony Orchestra\" class=\"wp-image-3968\" srcset=\"https:\/\/www.dallassymphony.org\/wp-content\/uploads\/2020\/12\/Sarah-Kienle-1600-x-1076-300x202.jpg 300w, https:\/\/www.dallassymphony.org\/wp-content\/uploads\/2020\/12\/Sarah-Kienle-1600-x-1076-1024x689.jpg 1024w, https:\/\/www.dallassymphony.org\/wp-content\/uploads\/2020\/12\/Sarah-Kienle-1600-x-1076-768x516.jpg 768w, https:\/\/www.dallassymphony.org\/wp-content\/uploads\/2020\/12\/Sarah-Kienle-1600-x-1076-1536x1033.jpg 1536w, https:\/\/www.dallassymphony.org\/wp-content\/uploads\/2020\/12\/Sarah-Kienle-1600-x-1076-16x12.jpg 16w, https:\/\/www.dallassymphony.org\/wp-content\/uploads\/2020\/12\/Sarah-Kienle-1600-x-1076-350x234.jpg 350w, https:\/\/www.dallassymphony.org\/wp-content\/uploads\/2020\/12\/Sarah-Kienle-1600-x-1076.jpg 1600w\" sizes=\"auto, (max-width: 300px) 100vw, 300px\" \/><\/figure>\n<\/div>\n\n\n\n<div class=\"wp-block-column is-layout-flow wp-block-column-is-layout-flow\" style=\"flex-basis:66.66%\">\n<h3 class=\"wp-block-heading\" id=\"h-about-sarah-kienle\">Sobre Sarah Kienle<\/h3>\n\n\n\n<h4 class=\"wp-block-heading\" id=\"h-acting-associate-principal-viola-dallas-symphony\">Viola, director adjunto de la Sinf\u00f3nica de Dallas<\/h4>\n\n\n\n<p>Sarah Kienle comenz\u00f3 sus estudios de viola a los siete a\u00f1os en su ciudad natal de Kalispell, Montana. Despu\u00e9s de graduarse en 2007 en la Walnut Hill School for the Arts de Natick, Massachusetts, obtuvo su licenciatura en m\u00fasica en la Colburn School de Los \u00c1ngeles, California, en 2011, donde estudi\u00f3 con Paul Coletti.  <\/p>\n\n\n\n<p><a href=\"https:\/\/www.dallassymphony.org\/es\/people\/sarah-kienle\/\">Leer m\u00e1s...<\/a><\/p>\n<\/div>\n<\/div>\n\n\n\n<p><\/p>\n\n\n\t\t\t<\/div>\n\t\t<\/div>\n\t<\/div>\n\n<\/div>","protected":false},"excerpt":{"rendered":"<p>En el disco hay una serie de podcasts presentados por Sarah Kienle, Viola Principal Asociada de la Orquesta Sinf\u00f3nica de Dallas. En estas conversaciones informales, Sarah pregunta a otros m\u00fasicos de la DSO qu\u00e9 piezas espec\u00edficas de m\u00fasica les inspira.<\/p>","protected":false},"author":16,"featured_media":2981,"comment_status":"closed","ping_status":"open","sticky":false,"template":"","format":"standard","meta":{"_acf_changed":false,"footnotes":""},"categories":[1],"tags":[],"class_list":["post-4782","post","type-post","status-publish","format-standard","has-post-thumbnail","hentry","category-uncategorized"],"acf":[],"_links":{"self":[{"href":"https:\/\/www.dallassymphony.org\/es\/wp-json\/wp\/v2\/posts\/4782","targetHints":{"allow":["GET"]}}],"collection":[{"href":"https:\/\/www.dallassymphony.org\/es\/wp-json\/wp\/v2\/posts"}],"about":[{"href":"https:\/\/www.dallassymphony.org\/es\/wp-json\/wp\/v2\/types\/post"}],"author":[{"embeddable":true,"href":"https:\/\/www.dallassymphony.org\/es\/wp-json\/wp\/v2\/users\/16"}],"replies":[{"embeddable":true,"href":"https:\/\/www.dallassymphony.org\/es\/wp-json\/wp\/v2\/comments?post=4782"}],"version-history":[{"count":0,"href":"https:\/\/www.dallassymphony.org\/es\/wp-json\/wp\/v2\/posts\/4782\/revisions"}],"wp:featuredmedia":[{"embeddable":true,"href":"https:\/\/www.dallassymphony.org\/es\/wp-json\/wp\/v2\/media\/2981"}],"wp:attachment":[{"href":"https:\/\/www.dallassymphony.org\/es\/wp-json\/wp\/v2\/media?parent=4782"}],"wp:term":[{"taxonomy":"category","embeddable":true,"href":"https:\/\/www.dallassymphony.org\/es\/wp-json\/wp\/v2\/categories?post=4782"},{"taxonomy":"post_tag","embeddable":true,"href":"https:\/\/www.dallassymphony.org\/es\/wp-json\/wp\/v2\/tags?post=4782"}],"curies":[{"name":"wp","href":"https:\/\/api.w.org\/{rel}","templated":true}]}}