{"id":29738,"date":"2026-01-05T13:43:40","date_gmt":"2026-01-05T19:43:40","guid":{"rendered":"https:\/\/www.dallassymphony.org\/?p=29738"},"modified":"2026-03-30T13:32:52","modified_gmt":"2026-03-30T18:32:52","slug":"spring-tour-2026","status":"publish","type":"post","link":"https:\/\/www.dallassymphony.org\/es\/spring-tour-2026\/","title":{"rendered":"Gira de primavera de 2026"},"content":{"rendered":"<div class=\"hero__no-img bg-blue-8\">\n\t<div class=\"container\">\n\t\t<div class=\"row\">\n\t\t\t<div class=\"col-md-10\">\n\n\t\t\t\t<ul class=\"breadcrumbs\">\n    \t<li class=\"breadcrumb__link\">\n\t\t<a class=\"a-hover\" href=\"https:\/\/www.dallassymphony.org\/es\/\">Inicio<\/a>\n\t<\/li>\n    \t<li class=\"breadcrumb__link a-styles\">\n\t\t<a class=\"a-hover\" href=\"https:\/\/www.dallassymphony.org\/es\/?page_id=618\">Descubrir y conectar<\/a>\n\t<\/li>\n    \t<li class=\"breadcrumb__link a-styles\">\n\t\t<a class=\"a-hover\" href=\"https:\/\/www.dallassymphony.org\/es\/?page_id=619\">DSO Media Vault<\/a>\n\t<\/li>\n    <\/ul>\n\n                \t\t\t\t<h1>\n                    <span >Gira de primavera de 2026<\/span>\n                <\/h1>\n                \t\t\t<\/div>\n\t\t<\/div>\n\t<\/div>\n<\/div>\n\n\n<div class=\"video m-spacer\">\n\n<div class=\"container-fluid p-0\">\n\t<div class=\"row no-gutters\">\n\t\t<div class=\"col-12\">\n            <img loading=\"lazy\" decoding=\"async\" width=\"1600\" height=\"900\" src=\"https:\/\/www.dallassymphony.org\/wp-content\/uploads\/2023\/01\/East-Coast-Tour-Web_1600x900-LP.jpg\" class=\"img-fluid w-100\" alt=\"\" srcset=\"https:\/\/www.dallassymphony.org\/wp-content\/uploads\/2023\/01\/East-Coast-Tour-Web_1600x900-LP.jpg 1600w, https:\/\/www.dallassymphony.org\/wp-content\/uploads\/2023\/01\/East-Coast-Tour-Web_1600x900-LP-300x169.jpg 300w, https:\/\/www.dallassymphony.org\/wp-content\/uploads\/2023\/01\/East-Coast-Tour-Web_1600x900-LP-1024x576.jpg 1024w, https:\/\/www.dallassymphony.org\/wp-content\/uploads\/2023\/01\/East-Coast-Tour-Web_1600x900-LP-768x432.jpg 768w, https:\/\/www.dallassymphony.org\/wp-content\/uploads\/2023\/01\/East-Coast-Tour-Web_1600x900-LP-1536x864.jpg 1536w, https:\/\/www.dallassymphony.org\/wp-content\/uploads\/2023\/01\/East-Coast-Tour-Web_1600x900-LP-18x10.jpg 18w, https:\/\/www.dallassymphony.org\/wp-content\/uploads\/2023\/01\/East-Coast-Tour-Web_1600x900-LP-388x218.jpg 388w, https:\/\/www.dallassymphony.org\/wp-content\/uploads\/2023\/01\/East-Coast-Tour-Web_1600x900-LP-540x303.jpg 540w, https:\/\/www.dallassymphony.org\/wp-content\/uploads\/2023\/01\/East-Coast-Tour-Web_1600x900-LP-666x375.jpg 666w, https:\/\/www.dallassymphony.org\/wp-content\/uploads\/2023\/01\/East-Coast-Tour-Web_1600x900-LP-735x413.jpg 735w\" sizes=\"auto, (max-width: 1600px) 100vw, 1600px\" \/><!--            <img decoding=\"async\" class=\"img-fluid w-100\" src=\"..\/..\/images\/DanceFeature_16x9.jpg\" alt=\"\">-->\n        <\/div>\n\t<\/div>\n<\/div>\n\n    \t<div class=\"left-grad\"><\/div>\n\t<div class=\"right-grad\"><\/div>\n<\/div>\n\n\n<div class=\"richtext m-spacer\">\n\t<div class=\"container\">\n\t\t<div class=\"row\">\n\t\t\t<div class=\"col-10\">\n\t\t\t\t\n\n<h1 class=\"wp-block-heading\" id=\"h-dso-spring-tour-mar-24-28-2023\">Gira de primavera de la DSO | 31 de marzo \u2013 2 de abril de 2026<\/h1>\n\n\n\n<p><strong><strong>FABIO LUISI <\/strong><\/strong>lleva a cabo<strong><br><strong>GEORGE LI<\/strong> <\/strong>piano<br><strong>SOF\u00cdA FOMINA<\/strong> soprano\u00a0<\/p>\n\n\n\n<p><strong>SCHUMANN<\/strong>&nbsp;Concierto para piano<br><strong>MAHLER <\/strong>Sinfon\u00eda n.\u00ba 4 en sol mayor<\/p>\n\n\n\n<p>Antes de que la orquesta culmine oficialmente esta temporada hist\u00f3rica en junio de 2026, la DSO realizar\u00e1 una gira por la costa oeste en la primavera de 2026. Luisi y la orquesta llevar\u00e1n el Concierto para piano de Schumann (con George Li como solista) y la Cuarta sinfon\u00eda de Mahler al p\u00fablico de tres ciudades de California: Palm Desert el 31 de marzo, Santa B\u00e1rbara el 1 de abril y Costa Mesa el 2 de abril.<\/p>\n\n\n\n<p><em>Debido a una enfermedad aguda, H\u00e9l\u00e8ne Grimaud, que ten\u00eda previsto interpretar el Concierto para piano de Schumann, no podr\u00e1 actuar y, lamentablemente, no nos acompa\u00f1ar\u00e1 en nuestra gira por California esta semana. Lo siente mucho y espera volver a estos maravillosos escenarios lo antes posible y volver a trabajar pronto con la DSO y el maestro Luisi. Tenemos la suerte de que el aclamado pianista George Li interprete el Concierto para piano de Schumann con nosotros durante la gira.<\/em><\/p>\n\n\n\n<p><strong>Martes, 31 de marzo de 2026, a las 7:30 p. m.<\/strong><br>Teatro McCallum | Palm Desert, California<br><strong><a href=\"https:\/\/www.mccallumtheatre.org\/productions\/dallas-symphony-orchestra\/\" target=\"_blank\" rel=\"noopener\">Entradas<\/a><\/strong><\/p>\n\n\n\n<p><strong>Mi\u00e9rcoles, 1 de abril de 2026, a las 7:30 p. m.<\/strong><br>Teatro Granada | Santa B\u00e1rbara, California<br><strong><a href=\"https:\/\/www.camasb.org\/international-series-2025-2026\/\" target=\"_blank\" rel=\"noopener\">Entradas<\/a><\/strong><\/p>\n\n\n\n<p><strong>Jueves, 2 de abril de 2026, a las 8:00 p. m.<\/strong><br>Centro Segerstrom para las Artes | Costa Mesa, California<br><strong><a href=\"https:\/\/www.scfta.org\/events\/2026\/dallas-symphony-orchestra\" target=\"_blank\" rel=\"noopener\">Entradas<\/a><\/strong><\/p>\n\n\n<div class=\"people-grid m-spacer\">\n\t<div class=\"container\">\n\t\t<div class=\"row\">\n\t\t\t<div class=\"col-12\">\n\t\t\t\t<h1>Biograf\u00edas de artistas<\/h1>\n                <h2><\/h2>\n\t\t\t<\/div>\n\t\t<\/div>\n\t\t<div class=\"row\">\n\t\t\t<div class=\"col-md-4 col-6\">\n\t<div class=\"people__card grad-to-left\">\n\t\t<a href=\"https:\/\/www.dallassymphony.org\/es\/people\/fabio-luisi\/\">\n\t\t\t<img loading=\"lazy\" decoding=\"async\" width=\"350\" height=\"350\" src=\"https:\/\/www.dallassymphony.org\/wp-content\/uploads\/2020\/12\/Fabio-Luisi-1600-x-1600-1-350x350.jpg\" class=\"img-fluid w-100 wp-post-image\" alt=\"FABIO LUISI DIRECTOR MUSICAL LOUISE W. &amp; EDMUND J. KAHN DIRECTOR MUSICAL\" srcset=\"https:\/\/www.dallassymphony.org\/wp-content\/uploads\/2020\/12\/Fabio-Luisi-1600-x-1600-1-350x350.jpg 350w, https:\/\/www.dallassymphony.org\/wp-content\/uploads\/2020\/12\/Fabio-Luisi-1600-x-1600-1-300x300.jpg 300w, https:\/\/www.dallassymphony.org\/wp-content\/uploads\/2020\/12\/Fabio-Luisi-1600-x-1600-1-1024x1024.jpg 1024w, https:\/\/www.dallassymphony.org\/wp-content\/uploads\/2020\/12\/Fabio-Luisi-1600-x-1600-1-150x150.jpg 150w, https:\/\/www.dallassymphony.org\/wp-content\/uploads\/2020\/12\/Fabio-Luisi-1600-x-1600-1-768x768.jpg 768w, https:\/\/www.dallassymphony.org\/wp-content\/uploads\/2020\/12\/Fabio-Luisi-1600-x-1600-1-1536x1536.jpg 1536w, https:\/\/www.dallassymphony.org\/wp-content\/uploads\/2020\/12\/Fabio-Luisi-1600-x-1600-1-12x12.jpg 12w, https:\/\/www.dallassymphony.org\/wp-content\/uploads\/2020\/12\/Fabio-Luisi-1600-x-1600-1-262x262.jpg 262w, https:\/\/www.dallassymphony.org\/wp-content\/uploads\/2020\/12\/Fabio-Luisi-1600-x-1600-1-445x445.jpg 445w, https:\/\/www.dallassymphony.org\/wp-content\/uploads\/2020\/12\/Fabio-Luisi-1600-x-1600-1.jpg 1600w\" sizes=\"auto, (max-width: 350px) 100vw, 350px\" \/>\t\t\t<div class=\"card__content-wrapper\">\n\t\t\t\t<h4>Fabio Luisi<\/h4>\n\t\t\t\t<p><p>Director musical<\/p>\n<p>Louise W. &amp; Edmund J. Kahn Direcci\u00f3n de M\u00fasica<\/p>\n<\/p>\n\n                \t\t\t\t<span class=\"a-hover\">Leer m\u00e1s<\/span>\n                \t\t\t<\/div>\n\t\t<\/a>\n\t<\/div>\n<\/div><div class=\"col-md-4 col-6\">\n\t<div class=\"people__card grad-to-left\">\n\t\t<a href=\"https:\/\/www.dallassymphony.org\/es\/people\/george-li\/\">\n\t\t\t<img loading=\"lazy\" decoding=\"async\" width=\"350\" height=\"350\" src=\"https:\/\/www.dallassymphony.org\/wp-content\/uploads\/2022\/02\/George-Li-2026-350x350.png\" class=\"img-fluid w-100 wp-post-image\" alt=\"\" srcset=\"https:\/\/www.dallassymphony.org\/wp-content\/uploads\/2022\/02\/George-Li-2026-350x350.png 350w, https:\/\/www.dallassymphony.org\/wp-content\/uploads\/2022\/02\/George-Li-2026-300x300.png 300w, https:\/\/www.dallassymphony.org\/wp-content\/uploads\/2022\/02\/George-Li-2026-1024x1024.png 1024w, https:\/\/www.dallassymphony.org\/wp-content\/uploads\/2022\/02\/George-Li-2026-150x150.png 150w, https:\/\/www.dallassymphony.org\/wp-content\/uploads\/2022\/02\/George-Li-2026-768x768.png 768w, https:\/\/www.dallassymphony.org\/wp-content\/uploads\/2022\/02\/George-Li-2026-12x12.png 12w, https:\/\/www.dallassymphony.org\/wp-content\/uploads\/2022\/02\/George-Li-2026-262x262.png 262w, https:\/\/www.dallassymphony.org\/wp-content\/uploads\/2022\/02\/George-Li-2026-445x445.png 445w, https:\/\/www.dallassymphony.org\/wp-content\/uploads\/2022\/02\/George-Li-2026.png 1200w\" sizes=\"auto, (max-width: 350px) 100vw, 350px\" \/>\t\t\t<div class=\"card__content-wrapper\">\n\t\t\t\t<h4>George Li<\/h4>\n\t\t\t\t<p><p>Piano<\/p>\n<\/p>\n\n                \t\t\t\t<span class=\"a-hover\">Leer m\u00e1s<\/span>\n                \t\t\t<\/div>\n\t\t<\/a>\n\t<\/div>\n<\/div><div class=\"col-md-4 col-6\">\n\t<div class=\"people__card grad-to-left\">\n\t\t<a href=\"https:\/\/www.dallassymphony.org\/es\/people\/sofia-fomina\/\">\n\t\t\t<img loading=\"lazy\" decoding=\"async\" width=\"350\" height=\"350\" src=\"https:\/\/www.dallassymphony.org\/wp-content\/uploads\/2024\/01\/2024-People-1200x1200-18-350x350.png\" class=\"img-fluid w-100 wp-post-image\" alt=\"\" srcset=\"https:\/\/www.dallassymphony.org\/wp-content\/uploads\/2024\/01\/2024-People-1200x1200-18-350x350.png 350w, https:\/\/www.dallassymphony.org\/wp-content\/uploads\/2024\/01\/2024-People-1200x1200-18-300x300.png 300w, https:\/\/www.dallassymphony.org\/wp-content\/uploads\/2024\/01\/2024-People-1200x1200-18-1024x1024.png 1024w, https:\/\/www.dallassymphony.org\/wp-content\/uploads\/2024\/01\/2024-People-1200x1200-18-150x150.png 150w, https:\/\/www.dallassymphony.org\/wp-content\/uploads\/2024\/01\/2024-People-1200x1200-18-768x768.png 768w, https:\/\/www.dallassymphony.org\/wp-content\/uploads\/2024\/01\/2024-People-1200x1200-18-12x12.png 12w, https:\/\/www.dallassymphony.org\/wp-content\/uploads\/2024\/01\/2024-People-1200x1200-18-262x262.png 262w, https:\/\/www.dallassymphony.org\/wp-content\/uploads\/2024\/01\/2024-People-1200x1200-18-445x445.png 445w, https:\/\/www.dallassymphony.org\/wp-content\/uploads\/2024\/01\/2024-People-1200x1200-18.png 1200w\" sizes=\"auto, (max-width: 350px) 100vw, 350px\" \/>\t\t\t<div class=\"card__content-wrapper\">\n\t\t\t\t<h4>Sof\u00eda Fomina<\/h4>\n\t\t\t\t<p><p>Soprano<\/p>\n<\/p>\n\n                \t\t\t\t<span class=\"a-hover\">Leer m\u00e1s<\/span>\n                \t\t\t<\/div>\n\t\t<\/a>\n\t<\/div>\n<\/div>\t\t<\/div>\n\t<\/div>\n<\/div>\n\n\n\t\t\t<\/div>\n\t\t<\/div>\n\t<\/div>\n\n<\/div>","protected":false},"excerpt":{"rendered":"<p>El director musical Fabio Luisi y la DSO se dirigen a la costa oeste para la gira de primavera de la temporada de aniversario de 2026. Con los artistas invitados George Li y Sofia Fomina, el p\u00fablico de California podr\u00e1 disfrutar de la majestuosidad de los sonidos sinf\u00f3nicos de la DSO del 31 de marzo al 2 de abril.<\/p>","protected":false},"author":38,"featured_media":29740,"comment_status":"closed","ping_status":"open","sticky":false,"template":"","format":"standard","meta":{"_acf_changed":false,"footnotes":""},"categories":[1],"tags":[],"class_list":["post-29738","post","type-post","status-publish","format-standard","has-post-thumbnail","hentry","category-uncategorized"],"acf":[],"_links":{"self":[{"href":"https:\/\/www.dallassymphony.org\/es\/wp-json\/wp\/v2\/posts\/29738","targetHints":{"allow":["GET"]}}],"collection":[{"href":"https:\/\/www.dallassymphony.org\/es\/wp-json\/wp\/v2\/posts"}],"about":[{"href":"https:\/\/www.dallassymphony.org\/es\/wp-json\/wp\/v2\/types\/post"}],"author":[{"embeddable":true,"href":"https:\/\/www.dallassymphony.org\/es\/wp-json\/wp\/v2\/users\/38"}],"replies":[{"embeddable":true,"href":"https:\/\/www.dallassymphony.org\/es\/wp-json\/wp\/v2\/comments?post=29738"}],"version-history":[{"count":2,"href":"https:\/\/www.dallassymphony.org\/es\/wp-json\/wp\/v2\/posts\/29738\/revisions"}],"predecessor-version":[{"id":31075,"href":"https:\/\/www.dallassymphony.org\/es\/wp-json\/wp\/v2\/posts\/29738\/revisions\/31075"}],"wp:featuredmedia":[{"embeddable":true,"href":"https:\/\/www.dallassymphony.org\/es\/wp-json\/wp\/v2\/media\/29740"}],"wp:attachment":[{"href":"https:\/\/www.dallassymphony.org\/es\/wp-json\/wp\/v2\/media?parent=29738"}],"wp:term":[{"taxonomy":"category","embeddable":true,"href":"https:\/\/www.dallassymphony.org\/es\/wp-json\/wp\/v2\/categories?post=29738"},{"taxonomy":"post_tag","embeddable":true,"href":"https:\/\/www.dallassymphony.org\/es\/wp-json\/wp\/v2\/tags?post=29738"}],"curies":[{"name":"wp","href":"https:\/\/api.w.org\/{rel}","templated":true}]}}