{"id":27198,"date":"2025-07-30T16:27:34","date_gmt":"2025-07-30T21:27:34","guid":{"rendered":"https:\/\/www.dallassymphony.org\/?p=27198"},"modified":"2025-11-03T10:27:15","modified_gmt":"2025-11-03T16:27:15","slug":"2025-26-season-at-a-glance","status":"publish","type":"post","link":"https:\/\/www.dallassymphony.org\/es\/2025-26-season-at-a-glance\/","title":{"rendered":"Resumen de la temporada 2025\/26 por intereses"},"content":{"rendered":"<div class=\"hero__no-img bg-blue-8\">\n\t<div class=\"container\">\n\t\t<div class=\"row\">\n\t\t\t<div class=\"col-md-10\">\n\n\t\t\t\t<ul class=\"breadcrumbs\">\n    \t<li class=\"breadcrumb__link\">\n\t\t<a class=\"a-hover\" href=\"https:\/\/www.dallassymphony.org\/es\/\">Inicio<\/a>\n\t<\/li>\n    \t<li class=\"breadcrumb__link a-styles\">\n\t\t<a class=\"a-hover\" href=\"https:\/\/www.dallassymphony.org\/es\/?page_id=618\">Descubrir y conectar<\/a>\n\t<\/li>\n    \t<li class=\"breadcrumb__link a-styles\">\n\t\t<a class=\"a-hover\" href=\"https:\/\/www.dallassymphony.org\/es\/?page_id=619\">DSO Media Vault<\/a>\n\t<\/li>\n    <\/ul>\n\n                \t\t\t\t<h1>\n                    <span >Resumen de la temporada 2025\/26 por intereses<\/span>\n                <\/h1>\n                \t\t\t<\/div>\n\t\t<\/div>\n\t<\/div>\n<\/div>\n\n\n<div class=\"richtext m-spacer\">\n\t<div class=\"container\">\n\t\t<div class=\"row\">\n\t\t\t<div class=\"col-10\">\n\t\t\t\t\n\n<hr class=\"wp-block-separator has-css-opacity\"\/>\n\n\n\n<p class=\"has-text-align-center\"><a href=\"#classical-piano\">Piano cl\u00e1sico<\/a> | <a href=\"#premieres\">Estrenos mundiales y de la DSO<\/a> | <a href=\"#women\">Mujeres<\/a> | <a href=\"#luisi\">Luisi dirige<\/a> | <a href=\"#movies\">Pel\u00edculas<\/a> | <a href=\"#pops\">Ultimate Pops<\/a><\/p>\n\n\n\n<hr class=\"wp-block-separator has-css-opacity\"\/>\n\n\n\n<div style=\"height:10px\" aria-hidden=\"true\" class=\"wp-block-spacer\"><\/div>\n\n\n\n<div class=\"wp-block-columns is-layout-flex wp-container-core-columns-is-layout-9d6595d7 wp-block-columns-is-layout-flex\">\n<div class=\"wp-block-column is-layout-flow wp-block-column-is-layout-flow\" style=\"flex-basis:33.33%\">\n<h1 class=\"wp-block-heading\" id=\"classical-piano\">Piano cl\u00e1sico<\/h1>\n<\/div>\n\n\n\n<div class=\"wp-block-column is-layout-flow wp-block-column-is-layout-flow\" style=\"flex-basis:66.66%\"><div class=\"dso__accordion m-spacer\">\n    <div class=\"container\">\n        <div class=\"row\">\n            <div class=\"col-lg-12\">\n                <div class=\"accordion__intro-wrapper\">\n                    <h1><\/h1>\n                    <p><\/p>\n                <\/div>\n            <\/div>\n        <\/div>\n\t\t<div class=\"row\">\n\t\t\t<div class=\"col-md-10 offset-md-1\">\n\t\t\t\t<div class=\"accordion\" id=\"accordion-d41d8cd98f00b204e9800998ecf8427e\">\n\t\t\t\t\t<div class=\"card\">\n\t<button id=\"headingf95aa658890b0b50da2e1d78b6153ee0\" class=\"dso__accordion-toggle\" type=\"button\" data-toggle=\"collapse\" data-target=\"#collapsef95aa658890b0b50da2e1d78b6153ee0\" aria-expanded=\"false\" aria-controls=\"collapsef95aa658890b0b50da2e1d78b6153ee0\">\n\t\tEmanuel Ax toca Beethoven | 12 - 14 Sep.\t\t<span class=\"plus-sign\">\n            <svg xmlns=\"http:\/\/www.w3.org\/2000\/svg\" width=\"25\" height=\"25\" viewbox=\"0 0 25 25\">\n                <g transform=\"translate(211.054 -145.186) rotate(135)\"><rect width=\"25\" height=\"3\" transform=\"translate(242.001 36.678) rotate(-45)\"\/><rect width=\"25\" height=\"3\" transform=\"translate(244.12 19) rotate(45)\"\/><\/g>\n            <\/svg>\n        <\/span>\n\t<\/button>\n\n\t<div id=\"collapsef95aa658890b0b50da2e1d78b6153ee0\" class=\"collapse\" aria-labelledby=\"headingf95aa658890b0b50da2e1d78b6153ee0\" data-parent=\"#accordion-d41d8cd98f00b204e9800998ecf8427e\">\n\t\t<div class=\"card-body\">\n\t\t\t<p><strong>DAVID ROBERTSON<\/strong>\u00a0lleva a cabo<br \/>\n<strong>EMANUEL AX<\/strong>\u00a0piano<\/p>\n<p><strong>BARBERO\u00a0<\/strong>Obertura de\u00a0<em>La escuela del esc\u00e1ndalo<\/em><br \/>\n<strong>BEETHOVEN\u00a0<\/strong>Concierto para Piano No. 3 en Do menor<br \/>\n<strong>JOHN ADAMS<\/strong>\u00a0<em>Harmonielehre\u00a0<\/em>(Estreno en la DSO)<\/p>\n<p><!-- \/wp:paragraph --><\/p>\n<hr \/>\n<p><a href=\"https:\/\/www.dallassymphony.org\/es\/productions\/emanuel-ax-plays-beethoven\/\">Obtener detalles<\/a><\/p>\n\t\t<\/div>\n\t<\/div>\n<\/div><div class=\"card\">\n\t<button id=\"heading3bd195e665ea207ecc221fe61210d6ec\" class=\"dso__accordion-toggle\" type=\"button\" data-toggle=\"collapse\" data-target=\"#collapse3bd195e665ea207ecc221fe61210d6ec\" aria-expanded=\"false\" aria-controls=\"collapse3bd195e665ea207ecc221fe61210d6ec\">\n\t\tFuentes de Roma de Respighi | 9, 10 - 11 de octubre\t\t<span class=\"plus-sign\">\n            <svg xmlns=\"http:\/\/www.w3.org\/2000\/svg\" width=\"25\" height=\"25\" viewbox=\"0 0 25 25\">\n                <g transform=\"translate(211.054 -145.186) rotate(135)\"><rect width=\"25\" height=\"3\" transform=\"translate(242.001 36.678) rotate(-45)\"\/><rect width=\"25\" height=\"3\" transform=\"translate(244.12 19) rotate(45)\"\/><\/g>\n            <\/svg>\n        <\/span>\n\t<\/button>\n\n\t<div id=\"collapse3bd195e665ea207ecc221fe61210d6ec\" class=\"collapse\" aria-labelledby=\"heading3bd195e665ea207ecc221fe61210d6ec\" data-parent=\"#accordion-d41d8cd98f00b204e9800998ecf8427e\">\n\t\t<div class=\"card-body\">\n\t\t\t<p><strong>FABIO LUISI<\/strong>\u00a0lleva a cabo<br \/>\n<strong>BRUCE LIU<\/strong>\u00a0piano<\/p>\n<p><strong>SOPHIA JANI<\/strong>\u00a0<em>\u00bfQu\u00e9 hacen las flores por la noche?<\/em>\u00a0(Estreno en la DSO)<br \/>\n<strong>SAINT-SA\u00cbNS<\/strong>\u00a0Concierto para piano n.\u00ba 5 en fa mayor, \"Egipcio\"<br \/>\n<strong>RESPIGHI\u00a0<\/strong><em>Vetrate di chiesa<\/em>\u00a0(Ventanas de la iglesia)<br \/>\n<strong>RESPIGHI\u00a0<\/strong><em>Las fuentes de Roma<\/em>\u00a0(Las fuentes de Roma)<\/p>\n<p><!-- \/wp:paragraph --><\/p>\n<hr \/>\n<p><a href=\"https:\/\/www.dallassymphony.org\/es\/productions\/respighis-fountains-of-rome\/\">Obtener detalles <\/a><\/p>\n\t\t<\/div>\n\t<\/div>\n<\/div><div class=\"card\">\n\t<button id=\"headingec150774a29ce9de449a2636f6e37a63\" class=\"dso__accordion-toggle\" type=\"button\" data-toggle=\"collapse\" data-target=\"#collapseec150774a29ce9de449a2636f6e37a63\" aria-expanded=\"false\" aria-controls=\"collapseec150774a29ce9de449a2636f6e37a63\">\n\t\tRhapsody in Blue de Gershwin | 16 - 18 octubre\t\t<span class=\"plus-sign\">\n            <svg xmlns=\"http:\/\/www.w3.org\/2000\/svg\" width=\"25\" height=\"25\" viewbox=\"0 0 25 25\">\n                <g transform=\"translate(211.054 -145.186) rotate(135)\"><rect width=\"25\" height=\"3\" transform=\"translate(242.001 36.678) rotate(-45)\"\/><rect width=\"25\" height=\"3\" transform=\"translate(244.12 19) rotate(45)\"\/><\/g>\n            <\/svg>\n        <\/span>\n\t<\/button>\n\n\t<div id=\"collapseec150774a29ce9de449a2636f6e37a63\" class=\"collapse\" aria-labelledby=\"headingec150774a29ce9de449a2636f6e37a63\" data-parent=\"#accordion-d41d8cd98f00b204e9800998ecf8427e\">\n\t\t<div class=\"card-body\">\n\t\t\t<p><strong>FABIO LUISI<\/strong>\u00a0lleva a cabo<br \/>\n<strong>INON BARNATAN\u00a0<\/strong>piano<br \/>\n<strong>CORO SINF\u00d3NICO DE DALLAS<\/strong>\u00a0<strong>- ANTHONY BLAKE CLARK\u00a0<\/strong>director del coro<br \/>\n<strong>LAUREN SNOUFFER<\/strong>\u00a0soprano<br \/>\n<strong>KIMBERLY JAMES<\/strong>\u00a0mezzo-soprano<br \/>\n<strong>KEY'MON MURRAH<\/strong>\u00a0contratenor<br \/>\n<strong>PAUL APPLEBY<\/strong>\u00a0tenor<\/p>\n<p><strong>ANG\u00c9LICA NEGR\u00d3N<\/strong>\u00a0<em>Por todo lo que sigues perdiendo<\/em><br \/>\n<strong>GERSHWIN\u00a0<\/strong><em>Rapsodia en Azul<\/em><br \/>\n<strong>GOULD\u00a0<\/strong><em>Sinfon\u00eda Latinoamericana<\/em><\/p>\n<p><!-- \/wp:paragraph --><\/p>\n<hr \/>\n<p><a href=\"https:\/\/www.dallassymphony.org\/es\/productions\/gershwinsrhapsodyinblue\/\">Obtener detalles<\/a><\/p>\n\t\t<\/div>\n\t<\/div>\n<\/div><div class=\"card\">\n\t<button id=\"heading50062f88e0756cce0f77ac41c8596084\" class=\"dso__accordion-toggle\" type=\"button\" data-toggle=\"collapse\" data-target=\"#collapse50062f88e0756cce0f77ac41c8596084\" aria-expanded=\"false\" aria-controls=\"collapse50062f88e0756cce0f77ac41c8596084\">\n\t\tRapsodie Espagnole de Ravel | 28 - 30 nov.\t\t<span class=\"plus-sign\">\n            <svg xmlns=\"http:\/\/www.w3.org\/2000\/svg\" width=\"25\" height=\"25\" viewbox=\"0 0 25 25\">\n                <g transform=\"translate(211.054 -145.186) rotate(135)\"><rect width=\"25\" height=\"3\" transform=\"translate(242.001 36.678) rotate(-45)\"\/><rect width=\"25\" height=\"3\" transform=\"translate(244.12 19) rotate(45)\"\/><\/g>\n            <\/svg>\n        <\/span>\n\t<\/button>\n\n\t<div id=\"collapse50062f88e0756cce0f77ac41c8596084\" class=\"collapse\" aria-labelledby=\"heading50062f88e0756cce0f77ac41c8596084\" data-parent=\"#accordion-d41d8cd98f00b204e9800998ecf8427e\">\n\t\t<div class=\"card-body\">\n\t\t\t<p><strong>JUN M\u00c4RKL<\/strong>\u00a0lleva a cabo<br \/>\n<strong>JAVIER PERIANES<\/strong>\u00a0piano<\/p>\n<p><strong>RAVEL\u00a0<\/strong><em>Alborada del gracioso<\/em>\u00a0(Canci\u00f3n matutina de un buf\u00f3n)<br \/>\n<strong>FALLA\u00a0<\/strong><em>Noches en los jardines de Espa\u00f1a<\/em>\u00a0(Noches en los jardines de Espa\u00f1a)<br \/>\n<strong>FALLA\u00a0<\/strong><em>El sombrero de tres picos<\/em>\u00a0(El sombrero de tres picos), Suite n\u00ba 2<br \/>\n<strong>RAVEL\u00a0<\/strong><em>Rapsodia espagnole<\/em><\/p>\n<p><!-- \/wp:paragraph --><\/p>\n<hr \/>\n<p><a href=\"https:\/\/www.dallassymphony.org\/es\/productions\/ravels-rapsodie-espagnole\/\">Obtener detalles<\/a><\/p>\n\t\t<\/div>\n\t<\/div>\n<\/div><div class=\"card\">\n\t<button id=\"heading8d7eef64f294f6c1a59a039d217e56aa\" class=\"dso__accordion-toggle\" type=\"button\" data-toggle=\"collapse\" data-target=\"#collapse8d7eef64f294f6c1a59a039d217e56aa\" aria-expanded=\"false\" aria-controls=\"collapse8d7eef64f294f6c1a59a039d217e56aa\">\n\t\tWinterreise de Schubert con Goerne y Trifonov | 27 de octubre\t\t<span class=\"plus-sign\">\n            <svg xmlns=\"http:\/\/www.w3.org\/2000\/svg\" width=\"25\" height=\"25\" viewbox=\"0 0 25 25\">\n                <g transform=\"translate(211.054 -145.186) rotate(135)\"><rect width=\"25\" height=\"3\" transform=\"translate(242.001 36.678) rotate(-45)\"\/><rect width=\"25\" height=\"3\" transform=\"translate(244.12 19) rotate(45)\"\/><\/g>\n            <\/svg>\n        <\/span>\n\t<\/button>\n\n\t<div id=\"collapse8d7eef64f294f6c1a59a039d217e56aa\" class=\"collapse\" aria-labelledby=\"heading8d7eef64f294f6c1a59a039d217e56aa\" data-parent=\"#accordion-d41d8cd98f00b204e9800998ecf8427e\">\n\t\t<div class=\"card-body\">\n\t\t\t<p><strong>MATTHIAS GOERNE<\/strong>\u00a0bar\u00edtono<br \/>\n<strong>DANIIL TRIFONOV<\/strong>\u00a0piano<\/p>\n<p><strong>SCHUBERT\u00a0<\/strong><em>Winterreise<\/em><!-- \/wp:paragraph --><\/p>\n<hr \/>\n<p><a href=\"https:\/\/www.dallassymphony.org\/es\/productions\/schuberts-winterreise-with-trifonov-goerne\/\">Obtener detalles<\/a><\/p>\n\t\t<\/div>\n\t<\/div>\n<\/div>\t\t\t\t<\/div>\n\t\t\t<\/div>\n\t\t<\/div>\n\t<\/div>\n<\/div>\n<\/div>\n<\/div>\n\n\n\n<div class=\"wp-block-columns is-layout-flex wp-container-core-columns-is-layout-9d6595d7 wp-block-columns-is-layout-flex\">\n<div class=\"wp-block-column is-layout-flow wp-block-column-is-layout-flow\" style=\"flex-basis:33.33%\">\n<h1 class=\"wp-block-heading\" id=\"premieres\">Estrenos mundiales y de la DSO<\/h1>\n<\/div>\n\n\n\n<div class=\"wp-block-column is-layout-flow wp-block-column-is-layout-flow\" style=\"flex-basis:66.66%\"><div class=\"dso__accordion m-spacer\">\n    <div class=\"container\">\n        <div class=\"row\">\n            <div class=\"col-lg-12\">\n                <div class=\"accordion__intro-wrapper\">\n                    <h1><\/h1>\n                    <p><\/p>\n                <\/div>\n            <\/div>\n        <\/div>\n\t\t<div class=\"row\">\n\t\t\t<div class=\"col-md-10 offset-md-1\">\n\t\t\t\t<div class=\"accordion\" id=\"accordion-d41d8cd98f00b204e9800998ecf8427e\">\n\t\t\t\t\t<div class=\"card\">\n\t<button id=\"headingc8f006ac51f110571dc770caa490388a\" class=\"dso__accordion-toggle\" type=\"button\" data-toggle=\"collapse\" data-target=\"#collapsec8f006ac51f110571dc770caa490388a\" aria-expanded=\"false\" aria-controls=\"collapsec8f006ac51f110571dc770caa490388a\">\n\t\tEmanuel Ax toca Beethoven | 12 - 14 Sep.\t\t<span class=\"plus-sign\">\n            <svg xmlns=\"http:\/\/www.w3.org\/2000\/svg\" width=\"25\" height=\"25\" viewbox=\"0 0 25 25\">\n                <g transform=\"translate(211.054 -145.186) rotate(135)\"><rect width=\"25\" height=\"3\" transform=\"translate(242.001 36.678) rotate(-45)\"\/><rect width=\"25\" height=\"3\" transform=\"translate(244.12 19) rotate(45)\"\/><\/g>\n            <\/svg>\n        <\/span>\n\t<\/button>\n\n\t<div id=\"collapsec8f006ac51f110571dc770caa490388a\" class=\"collapse\" aria-labelledby=\"headingc8f006ac51f110571dc770caa490388a\" data-parent=\"#accordion-d41d8cd98f00b204e9800998ecf8427e\">\n\t\t<div class=\"card-body\">\n\t\t\t<p><strong>DAVID ROBERTSON<\/strong>\u00a0lleva a cabo<br \/>\n<strong>EMANUEL AX<\/strong>\u00a0piano<\/p>\n<p><strong>BARBERO\u00a0<\/strong>Obertura de\u00a0<em>La escuela del esc\u00e1ndalo<\/em><br \/>\n<strong>BEETHOVEN\u00a0<\/strong>Concierto para Piano No. 3 en Do menor<br \/>\n<strong>JOHN ADAMS<\/strong>\u00a0<em>Harmonielehre\u00a0<\/em>(Estreno en la DSO)<\/p>\n<hr \/>\n<p><a href=\"https:\/\/www.dallassymphony.org\/es\/productions\/emanuel-ax-plays-beethoven\/\">Obtener detalles<\/a><\/p>\n\t\t<\/div>\n\t<\/div>\n<\/div><div class=\"card\">\n\t<button id=\"heading2d63b2cb3ac3b0cf125bad6c2f3e6783\" class=\"dso__accordion-toggle\" type=\"button\" data-toggle=\"collapse\" data-target=\"#collapse2d63b2cb3ac3b0cf125bad6c2f3e6783\" aria-expanded=\"false\" aria-controls=\"collapse2d63b2cb3ac3b0cf125bad6c2f3e6783\">\n\t\tFuentes de Roma de Respighi | 9 - 12 oct.\t\t<span class=\"plus-sign\">\n            <svg xmlns=\"http:\/\/www.w3.org\/2000\/svg\" width=\"25\" height=\"25\" viewbox=\"0 0 25 25\">\n                <g transform=\"translate(211.054 -145.186) rotate(135)\"><rect width=\"25\" height=\"3\" transform=\"translate(242.001 36.678) rotate(-45)\"\/><rect width=\"25\" height=\"3\" transform=\"translate(244.12 19) rotate(45)\"\/><\/g>\n            <\/svg>\n        <\/span>\n\t<\/button>\n\n\t<div id=\"collapse2d63b2cb3ac3b0cf125bad6c2f3e6783\" class=\"collapse\" aria-labelledby=\"heading2d63b2cb3ac3b0cf125bad6c2f3e6783\" data-parent=\"#accordion-d41d8cd98f00b204e9800998ecf8427e\">\n\t\t<div class=\"card-body\">\n\t\t\t<p><strong>FABIO LUISI<\/strong>\u00a0lleva a cabo<br \/>\n<strong>BRUCE LIU<\/strong>\u00a0piano<\/p>\n<p><strong>SOPHIA JANI<\/strong>\u00a0<em>\u00bfQu\u00e9 hacen las flores por la noche?<\/em>\u00a0(Estreno en la DSO)<br \/>\n<strong>SAINT-SA\u00cbNS<\/strong>\u00a0Concierto para piano n.\u00ba 5 en fa mayor, \"Egipcio\"<br \/>\n<strong>RESPIGHI\u00a0<\/strong><em>Vetrate di chiesa<\/em>\u00a0(Ventanas de la iglesia)<br \/>\n<strong>RESPIGHI\u00a0<\/strong><em>Las fuentes de Roma<\/em>\u00a0(Las fuentes de Roma)<\/p>\n<hr \/>\n<p><a href=\"https:\/\/www.dallassymphony.org\/es\/productions\/respighis-fountains-of-rome\/\">Obtener detalles<\/a><\/p>\n\t\t<\/div>\n\t<\/div>\n<\/div><div class=\"card\">\n\t<button id=\"heading21c18d9926b8711ffffcf57362782c2c\" class=\"dso__accordion-toggle\" type=\"button\" data-toggle=\"collapse\" data-target=\"#collapse21c18d9926b8711ffffcf57362782c2c\" aria-expanded=\"false\" aria-controls=\"collapse21c18d9926b8711ffffcf57362782c2c\">\n\t\tRhapsody in Blue de Gershwin | 16 - 18 octubre\t\t<span class=\"plus-sign\">\n            <svg xmlns=\"http:\/\/www.w3.org\/2000\/svg\" width=\"25\" height=\"25\" viewbox=\"0 0 25 25\">\n                <g transform=\"translate(211.054 -145.186) rotate(135)\"><rect width=\"25\" height=\"3\" transform=\"translate(242.001 36.678) rotate(-45)\"\/><rect width=\"25\" height=\"3\" transform=\"translate(244.12 19) rotate(45)\"\/><\/g>\n            <\/svg>\n        <\/span>\n\t<\/button>\n\n\t<div id=\"collapse21c18d9926b8711ffffcf57362782c2c\" class=\"collapse\" aria-labelledby=\"heading21c18d9926b8711ffffcf57362782c2c\" data-parent=\"#accordion-d41d8cd98f00b204e9800998ecf8427e\">\n\t\t<div class=\"card-body\">\n\t\t\t<p><strong>FABIO LUISI<\/strong>\u00a0lleva a cabo<br \/>\n<strong>INON BARNATAN\u00a0<\/strong>piano<br \/>\n<strong>CORO SINF\u00d3NICO DE DALLAS<\/strong>\u00a0<strong>- ANTHONY BLAKE CLARK\u00a0<\/strong>director del coro<br \/>\n<strong>LAUREN SNOUFFER<\/strong>\u00a0soprano<br \/>\n<strong>KIMBERLY JAMES<\/strong>\u00a0mezzo-soprano<br \/>\n<strong>KEY'MON MURRAH<\/strong>\u00a0contratenor<br \/>\n<strong>PAUL APPLEBY<\/strong>\u00a0tenor<\/p>\n<p><strong>ANG\u00c9LICA NEGR\u00d3N<\/strong>\u00a0<em>Por todo lo que sigues perdiendo <\/em>(Estreno mundial)<br \/>\n<strong>GERSHWIN\u00a0<\/strong><em>Rapsodia en Azul<\/em><br \/>\n<strong>GOULD\u00a0<\/strong><em>Sinfon\u00eda Latinoamericana<\/em><\/p>\n<hr \/>\n<p><a href=\"https:\/\/www.dallassymphony.org\/es\/productions\/gershwinsrhapsodyinblue\/\">Obtener detalles<\/a><\/p>\n\t\t<\/div>\n\t<\/div>\n<\/div><div class=\"card\">\n\t<button id=\"heading50693bd99d4a7e01bd4eb786fa476a66\" class=\"dso__accordion-toggle\" type=\"button\" data-toggle=\"collapse\" data-target=\"#collapse50693bd99d4a7e01bd4eb786fa476a66\" aria-expanded=\"false\" aria-controls=\"collapse50693bd99d4a7e01bd4eb786fa476a66\">\n\t\tAlsop dirige Brahms | 7 y 9 de noviembre\t\t<span class=\"plus-sign\">\n            <svg xmlns=\"http:\/\/www.w3.org\/2000\/svg\" width=\"25\" height=\"25\" viewbox=\"0 0 25 25\">\n                <g transform=\"translate(211.054 -145.186) rotate(135)\"><rect width=\"25\" height=\"3\" transform=\"translate(242.001 36.678) rotate(-45)\"\/><rect width=\"25\" height=\"3\" transform=\"translate(244.12 19) rotate(45)\"\/><\/g>\n            <\/svg>\n        <\/span>\n\t<\/button>\n\n\t<div id=\"collapse50693bd99d4a7e01bd4eb786fa476a66\" class=\"collapse\" aria-labelledby=\"heading50693bd99d4a7e01bd4eb786fa476a66\" data-parent=\"#accordion-d41d8cd98f00b204e9800998ecf8427e\">\n\t\t<div class=\"card-body\">\n\t\t\t<p><strong>MARIN TAMBI\u00c9N<\/strong>\u00a0lleva a cabo<br \/>\n<strong>KAREN SLACK<\/strong>\u00a0soprano<\/p>\n<p><strong>R. STRAUSS<\/strong>\u00a0<em>Don Juan<\/em><br \/>\n<strong>KATHRYN BOSTIC<\/strong>\u00a0Obra para soprano y orquesta (estreno mundial) Lorene Cary, libreto<br \/>\n<strong>BRAHMS\u00a0<\/strong>Sinfon\u00eda n\u00ba 2<\/p>\n<hr \/>\n<p><a href=\"https:\/\/www.dallassymphony.org\/es\/productions\/alsop-conducts-brahms\/\">Obtener detalles<\/a><\/p>\n\t\t<\/div>\n\t<\/div>\n<\/div><div class=\"card\">\n\t<button id=\"headingfb31f4a579059164e713e60ccf80ec4b\" class=\"dso__accordion-toggle\" type=\"button\" data-toggle=\"collapse\" data-target=\"#collapsefb31f4a579059164e713e60ccf80ec4b\" aria-expanded=\"false\" aria-controls=\"collapsefb31f4a579059164e713e60ccf80ec4b\">\n\t\tLuisi dirige Mozart | 20 - 22 de noviembre\t\t<span class=\"plus-sign\">\n            <svg xmlns=\"http:\/\/www.w3.org\/2000\/svg\" width=\"25\" height=\"25\" viewbox=\"0 0 25 25\">\n                <g transform=\"translate(211.054 -145.186) rotate(135)\"><rect width=\"25\" height=\"3\" transform=\"translate(242.001 36.678) rotate(-45)\"\/><rect width=\"25\" height=\"3\" transform=\"translate(244.12 19) rotate(45)\"\/><\/g>\n            <\/svg>\n        <\/span>\n\t<\/button>\n\n\t<div id=\"collapsefb31f4a579059164e713e60ccf80ec4b\" class=\"collapse\" aria-labelledby=\"headingfb31f4a579059164e713e60ccf80ec4b\" data-parent=\"#accordion-d41d8cd98f00b204e9800998ecf8427e\">\n\t\t<div class=\"card-body\">\n\t\t\t<p><strong>FABIO LUISI<\/strong>\u00a0lleva a cabo<br \/>\n<strong>GREGORY RADEN<\/strong>\u00a0clarinete<\/p>\n<p><strong>BEETHOVEN\u00a0<\/strong><em>Leonore\u00a0<\/em>Obertura n\u00ba 3<br \/>\n<strong>JON CZINER<\/strong>\u00a0Concierto para clarinete (estreno mundial)<br \/>\n<strong>MONI JASMINE GUO<\/strong>\u00a0\"the sound of where i came from\" \u4e61\u97f3 (Estreno mundial) (Comisi\u00f3n Toulmin)<br \/>\n<strong>MOZART<\/strong>\u00a0Sinfon\u00eda n\u00ba 40 en sol menor<\/p>\n<hr \/>\n<p><a href=\"https:\/\/www.dallassymphony.org\/es\/productions\/luisi-conducts-mozart\/\">Obtener detalles<\/a><\/p>\n\t\t<\/div>\n\t<\/div>\n<\/div><div class=\"card\">\n\t<button id=\"heading2b59903896ee0456ae9f13b9718c769c\" class=\"dso__accordion-toggle\" type=\"button\" data-toggle=\"collapse\" data-target=\"#collapse2b59903896ee0456ae9f13b9718c769c\" aria-expanded=\"false\" aria-controls=\"collapse2b59903896ee0456ae9f13b9718c769c\">\n\t\tLos Planetas de Holst | 22 - 24 enero\t\t<span class=\"plus-sign\">\n            <svg xmlns=\"http:\/\/www.w3.org\/2000\/svg\" width=\"25\" height=\"25\" viewbox=\"0 0 25 25\">\n                <g transform=\"translate(211.054 -145.186) rotate(135)\"><rect width=\"25\" height=\"3\" transform=\"translate(242.001 36.678) rotate(-45)\"\/><rect width=\"25\" height=\"3\" transform=\"translate(244.12 19) rotate(45)\"\/><\/g>\n            <\/svg>\n        <\/span>\n\t<\/button>\n\n\t<div id=\"collapse2b59903896ee0456ae9f13b9718c769c\" class=\"collapse\" aria-labelledby=\"heading2b59903896ee0456ae9f13b9718c769c\" data-parent=\"#accordion-d41d8cd98f00b204e9800998ecf8427e\">\n\t\t<div class=\"card-body\">\n\t\t\t<p><strong>EDWARD GARDNER<\/strong>\u00a0lleva a cabo<br \/>\n<strong>DAVID CHILDS<\/strong>\u00a0bombardino<br \/>\n<strong>CORO SINF\u00d3NICO DE DALLAS<\/strong>\u00a0-\u00a0<strong>ANTHONY BLAKE CLARK<\/strong>\u00a0director del coro<\/p>\n<p><strong>WALTON\u00a0<\/strong>Coronation Te Deum, arreglado por Palmer James Macmillan<br \/>\n<strong>JAMES MACMILLAN<\/strong>\u00a0<em>Donde el Lugar se encuentra con el Glaisnock<\/em>\u00a0(Estreno en EE.UU.)<br \/>\n<strong>HOLST\u00a0<\/strong><em>Los planetas<\/em><\/p>\n<hr \/>\n<p><a href=\"https:\/\/www.dallassymphony.org\/es\/productions\/holsts-the-planets-2\/\">Obtener detalles<\/a><\/p>\n\t\t<\/div>\n\t<\/div>\n<\/div><div class=\"card\">\n\t<button id=\"headingf713a49da7b700638b642600047367c9\" class=\"dso__accordion-toggle\" type=\"button\" data-toggle=\"collapse\" data-target=\"#collapsef713a49da7b700638b642600047367c9\" aria-expanded=\"false\" aria-controls=\"collapsef713a49da7b700638b642600047367c9\">\n\t\tChaikovski y Rachmaninoff | 12 - 15 febrero\t\t<span class=\"plus-sign\">\n            <svg xmlns=\"http:\/\/www.w3.org\/2000\/svg\" width=\"25\" height=\"25\" viewbox=\"0 0 25 25\">\n                <g transform=\"translate(211.054 -145.186) rotate(135)\"><rect width=\"25\" height=\"3\" transform=\"translate(242.001 36.678) rotate(-45)\"\/><rect width=\"25\" height=\"3\" transform=\"translate(244.12 19) rotate(45)\"\/><\/g>\n            <\/svg>\n        <\/span>\n\t<\/button>\n\n\t<div id=\"collapsef713a49da7b700638b642600047367c9\" class=\"collapse\" aria-labelledby=\"headingf713a49da7b700638b642600047367c9\" data-parent=\"#accordion-d41d8cd98f00b204e9800998ecf8427e\">\n\t\t<div class=\"card-body\">\n\t\t\t<p><strong>TABITA BERGLUND<\/strong>\u00a0lleva a cabo<br \/>\n<strong>MELISSA BLANCA<\/strong>\u00a0viol\u00edn<\/p>\n<p><strong>TCHAIKOVSKY\u00a0<\/strong><em>Romeo y Julieta Obertura de fantas\u00eda<\/em><br \/>\n<strong>SOPHIA JANI\u00a0<\/strong>Concierto para viol\u00edn y orquesta (estreno mundial)<br \/>\n<strong>RACHMANINOFF<\/strong>\u00a0<em>Danzas sinf\u00f3nicas<\/em><\/p>\n<hr \/>\n<p><a href=\"https:\/\/www.dallassymphony.org\/es\/productions\/tchaikovsky-rachmaninoff\/\">Obtener detalles<\/a><\/p>\n\t\t<\/div>\n\t<\/div>\n<\/div><div class=\"card\">\n\t<button id=\"heading7d4ead987f20057b0897fded4bdec1af\" class=\"dso__accordion-toggle\" type=\"button\" data-toggle=\"collapse\" data-target=\"#collapse7d4ead987f20057b0897fded4bdec1af\" aria-expanded=\"false\" aria-controls=\"collapse7d4ead987f20057b0897fded4bdec1af\">\n\t\tDoble concierto de Brahms | 5 - 8 mar.\t\t<span class=\"plus-sign\">\n            <svg xmlns=\"http:\/\/www.w3.org\/2000\/svg\" width=\"25\" height=\"25\" viewbox=\"0 0 25 25\">\n                <g transform=\"translate(211.054 -145.186) rotate(135)\"><rect width=\"25\" height=\"3\" transform=\"translate(242.001 36.678) rotate(-45)\"\/><rect width=\"25\" height=\"3\" transform=\"translate(244.12 19) rotate(45)\"\/><\/g>\n            <\/svg>\n        <\/span>\n\t<\/button>\n\n\t<div id=\"collapse7d4ead987f20057b0897fded4bdec1af\" class=\"collapse\" aria-labelledby=\"heading7d4ead987f20057b0897fded4bdec1af\" data-parent=\"#accordion-d41d8cd98f00b204e9800998ecf8427e\">\n\t\t<div class=\"card-body\">\n\t\t\t<p><strong>MAURICE COHN\u00a0<\/strong>lleva a cabo<br \/>\n<strong>JAN VOGLER<\/strong>\u00a0cello<br \/>\n<strong>CHAD HOOPES<\/strong>\u00a0viol\u00edn<\/p>\n<p><strong>BRAHMS\u00a0<\/strong>Concierto para viol\u00edn y violonchelo en la menor, \"Doble concierto\"<br \/>\n<strong>WEILL\u00a0<\/strong>Sinfon\u00eda n\u00ba 2 (estreno en la DSO)<\/p>\n<hr \/>\n<p><a href=\"https:\/\/www.dallassymphony.org\/es\/productions\/brahms-double-concerto\/\">Obtener detalles<\/a><\/p>\n\t\t<\/div>\n\t<\/div>\n<\/div><div class=\"card\">\n\t<button id=\"headingdb8ea65806caafb16f91f0d2c85a60c9\" class=\"dso__accordion-toggle\" type=\"button\" data-toggle=\"collapse\" data-target=\"#collapsedb8ea65806caafb16f91f0d2c85a60c9\" aria-expanded=\"false\" aria-controls=\"collapsedb8ea65806caafb16f91f0d2c85a60c9\">\n\t\tAlexi Kenney Plays Barber | 20 - 22 mar.\t\t<span class=\"plus-sign\">\n            <svg xmlns=\"http:\/\/www.w3.org\/2000\/svg\" width=\"25\" height=\"25\" viewbox=\"0 0 25 25\">\n                <g transform=\"translate(211.054 -145.186) rotate(135)\"><rect width=\"25\" height=\"3\" transform=\"translate(242.001 36.678) rotate(-45)\"\/><rect width=\"25\" height=\"3\" transform=\"translate(244.12 19) rotate(45)\"\/><\/g>\n            <\/svg>\n        <\/span>\n\t<\/button>\n\n\t<div id=\"collapsedb8ea65806caafb16f91f0d2c85a60c9\" class=\"collapse\" aria-labelledby=\"headingdb8ea65806caafb16f91f0d2c85a60c9\" data-parent=\"#accordion-d41d8cd98f00b204e9800998ecf8427e\">\n\t\t<div class=\"card-body\">\n\t\t\t<p><strong>DANIELE RUSTIONI<\/strong>\u00a0lleva a cabo<br \/>\n<strong>ALEXI KENNEY<\/strong>\u00a0viol\u00edn<\/p>\n<p><strong>BARBERO\u00a0<\/strong>Concierto para viol\u00edn<br \/>\n<strong>CASELLA\u00a0<\/strong>Sinfon\u00eda n\u00ba 2 en do menor (estreno en la DSO)<\/p>\n<hr \/>\n<p><a href=\"https:\/\/www.dallassymphony.org\/es\/productions\/alexi-kenney-plays-barber\/\">Obtener detalles<\/a><\/p>\n\t\t<\/div>\n\t<\/div>\n<\/div><div class=\"card\">\n\t<button id=\"headingd45d6fe544c6a7b71c5d56186a6f0a6f\" class=\"dso__accordion-toggle\" type=\"button\" data-toggle=\"collapse\" data-target=\"#collapsed45d6fe544c6a7b71c5d56186a6f0a6f\" aria-expanded=\"false\" aria-controls=\"collapsed45d6fe544c6a7b71c5d56186a6f0a6f\">\n\t\tSinfon\u00eda Italiana de Mendelssohn | 16 - 19 abr.\t\t<span class=\"plus-sign\">\n            <svg xmlns=\"http:\/\/www.w3.org\/2000\/svg\" width=\"25\" height=\"25\" viewbox=\"0 0 25 25\">\n                <g transform=\"translate(211.054 -145.186) rotate(135)\"><rect width=\"25\" height=\"3\" transform=\"translate(242.001 36.678) rotate(-45)\"\/><rect width=\"25\" height=\"3\" transform=\"translate(244.12 19) rotate(45)\"\/><\/g>\n            <\/svg>\n        <\/span>\n\t<\/button>\n\n\t<div id=\"collapsed45d6fe544c6a7b71c5d56186a6f0a6f\" class=\"collapse\" aria-labelledby=\"headingd45d6fe544c6a7b71c5d56186a6f0a6f\" data-parent=\"#accordion-d41d8cd98f00b204e9800998ecf8427e\">\n\t\t<div class=\"card-body\">\n\t\t\t<p><strong>ANA MAR\u00cdA PATI\u00d1O-OSORIO<\/strong>\u00a0lleva a cabo<br \/>\n<strong>JULI\u00c1N STECKEL\u00a0<\/strong>cello<br \/>\n<strong>MEREDITH KUFCHAK<\/strong>\u00a0viola<\/p>\n<p><strong>DVO\u0158\u00c1K\u00a0<\/strong>Concierto para violonchelo en si menor<br \/>\n<strong>JONATHAN LESHNOFF<\/strong>\u00a0<em>Cuatro escenas de la infancia<\/em>\u00a0(Estreno mundial)<br \/>\n<strong>MENDELSSOHN<\/strong>\u00a0Sinfon\u00eda n\u00ba 4 en la mayor, \"Italiana\"<\/p>\n<hr \/>\n<p><a href=\"https:\/\/www.dallassymphony.org\/es\/productions\/mendelssohns-italian-symphony\/\">Obtener detalles<\/a><\/p>\n\t\t<\/div>\n\t<\/div>\n<\/div><div class=\"card\">\n\t<button id=\"heading75e4ba23a6fb070c753a986b4d1da5b2\" class=\"dso__accordion-toggle\" type=\"button\" data-toggle=\"collapse\" data-target=\"#collapse75e4ba23a6fb070c753a986b4d1da5b2\" aria-expanded=\"false\" aria-controls=\"collapse75e4ba23a6fb070c753a986b4d1da5b2\">\n\t\tDvo\u0159\u00e1k &amp; Korngold | 29 y 30 de mayo\t\t<span class=\"plus-sign\">\n            <svg xmlns=\"http:\/\/www.w3.org\/2000\/svg\" width=\"25\" height=\"25\" viewbox=\"0 0 25 25\">\n                <g transform=\"translate(211.054 -145.186) rotate(135)\"><rect width=\"25\" height=\"3\" transform=\"translate(242.001 36.678) rotate(-45)\"\/><rect width=\"25\" height=\"3\" transform=\"translate(244.12 19) rotate(45)\"\/><\/g>\n            <\/svg>\n        <\/span>\n\t<\/button>\n\n\t<div id=\"collapse75e4ba23a6fb070c753a986b4d1da5b2\" class=\"collapse\" aria-labelledby=\"heading75e4ba23a6fb070c753a986b4d1da5b2\" data-parent=\"#accordion-d41d8cd98f00b204e9800998ecf8427e\">\n\t\t<div class=\"card-body\">\n\t\t\t<p><strong>SEBASTIAN WEIGLE<\/strong>\u00a0lleva a cabo<br \/>\n<strong>MARIA DUE\u00d1AS<\/strong>\u00a0viol\u00edn<\/p>\n<p><strong>KORNGOLD\u00a0<\/strong><em>Straussiana\u00a0<\/em>(Estreno en la DSO)<br \/>\n<strong>KORNGOLD\u00a0<\/strong>Concierto para viol\u00edn en re mayor<br \/>\n<strong>DVO\u0158\u00c1K\u00a0<\/strong>Sinfon\u00eda n\u00ba 7 en re menor<\/p>\n<hr \/>\n<p><a href=\"https:\/\/www.dallassymphony.org\/es\/productions\/dvorak-korngold\/\">Obtener detalles<\/a><\/p>\n\t\t<\/div>\n\t<\/div>\n<\/div>\t\t\t\t<\/div>\n\t\t\t<\/div>\n\t\t<\/div>\n\t<\/div>\n<\/div>\n<\/div>\n<\/div>\n\n\n\n<div class=\"wp-block-columns is-layout-flex wp-container-core-columns-is-layout-9d6595d7 wp-block-columns-is-layout-flex\">\n<div class=\"wp-block-column is-layout-flow wp-block-column-is-layout-flow\" style=\"flex-basis:33.33%\">\n<h1 class=\"wp-block-heading\" id=\"women\">La m\u00fasica cl\u00e1sica en el punto de mira<\/h1>\n<\/div>\n\n\n\n<div class=\"wp-block-column is-layout-flow wp-block-column-is-layout-flow\" style=\"flex-basis:66.66%\"><div class=\"dso__accordion m-spacer\">\n    <div class=\"container\">\n        <div class=\"row\">\n            <div class=\"col-lg-12\">\n                <div class=\"accordion__intro-wrapper\">\n                    <h1><\/h1>\n                    <p><\/p>\n                <\/div>\n            <\/div>\n        <\/div>\n\t\t<div class=\"row\">\n\t\t\t<div class=\"col-md-10 offset-md-1\">\n\t\t\t\t<div class=\"accordion\" id=\"accordion-d41d8cd98f00b204e9800998ecf8427e\">\n\t\t\t\t\t<div class=\"card\">\n\t<button id=\"heading2d63b2cb3ac3b0cf125bad6c2f3e6783\" class=\"dso__accordion-toggle\" type=\"button\" data-toggle=\"collapse\" data-target=\"#collapse2d63b2cb3ac3b0cf125bad6c2f3e6783\" aria-expanded=\"false\" aria-controls=\"collapse2d63b2cb3ac3b0cf125bad6c2f3e6783\">\n\t\tFuentes de Roma de Respighi | 9 - 12 oct.\t\t<span class=\"plus-sign\">\n            <svg xmlns=\"http:\/\/www.w3.org\/2000\/svg\" width=\"25\" height=\"25\" viewbox=\"0 0 25 25\">\n                <g transform=\"translate(211.054 -145.186) rotate(135)\"><rect width=\"25\" height=\"3\" transform=\"translate(242.001 36.678) rotate(-45)\"\/><rect width=\"25\" height=\"3\" transform=\"translate(244.12 19) rotate(45)\"\/><\/g>\n            <\/svg>\n        <\/span>\n\t<\/button>\n\n\t<div id=\"collapse2d63b2cb3ac3b0cf125bad6c2f3e6783\" class=\"collapse\" aria-labelledby=\"heading2d63b2cb3ac3b0cf125bad6c2f3e6783\" data-parent=\"#accordion-d41d8cd98f00b204e9800998ecf8427e\">\n\t\t<div class=\"card-body\">\n\t\t\t<p><strong>FABIO LUISI<\/strong>\u00a0lleva a cabo<br \/>\n<strong>BRUCE LIU<\/strong>\u00a0piano<\/p>\n<p><strong>SOPHIA JANI<\/strong>\u00a0<em>\u00bfQu\u00e9 hacen las flores por la noche?<\/em>\u00a0(Estreno en la DSO)<br \/>\n<strong>SAINT-SA\u00cbNS<\/strong>\u00a0Concierto para piano n.\u00ba 5 en fa mayor, \"Egipcio\"<br \/>\n<strong>RESPIGHI\u00a0<\/strong><em>Vetrate di chiesa<\/em>\u00a0(Ventanas de la iglesia)<br \/>\n<strong>RESPIGHI\u00a0<\/strong><em>Las fuentes de Roma<\/em>\u00a0(Las fuentes de Roma)<\/p>\n<hr \/>\n<p><a href=\"https:\/\/www.dallassymphony.org\/es\/productions\/respighis-fountains-of-rome\/\">Obtener detalles<\/a><\/p>\n\t\t<\/div>\n\t<\/div>\n<\/div><div class=\"card\">\n\t<button id=\"heading070962921311515e5f6795835a58fe49\" class=\"dso__accordion-toggle\" type=\"button\" data-toggle=\"collapse\" data-target=\"#collapse070962921311515e5f6795835a58fe49\" aria-expanded=\"false\" aria-controls=\"collapse070962921311515e5f6795835a58fe49\">\n\t\tRhapsody in Blue de Gershwin | 16 - 18 octubre\t\t<span class=\"plus-sign\">\n            <svg xmlns=\"http:\/\/www.w3.org\/2000\/svg\" width=\"25\" height=\"25\" viewbox=\"0 0 25 25\">\n                <g transform=\"translate(211.054 -145.186) rotate(135)\"><rect width=\"25\" height=\"3\" transform=\"translate(242.001 36.678) rotate(-45)\"\/><rect width=\"25\" height=\"3\" transform=\"translate(244.12 19) rotate(45)\"\/><\/g>\n            <\/svg>\n        <\/span>\n\t<\/button>\n\n\t<div id=\"collapse070962921311515e5f6795835a58fe49\" class=\"collapse\" aria-labelledby=\"heading070962921311515e5f6795835a58fe49\" data-parent=\"#accordion-d41d8cd98f00b204e9800998ecf8427e\">\n\t\t<div class=\"card-body\">\n\t\t\t<p><strong>FABIO LUISI<\/strong>\u00a0lleva a cabo<br \/>\n<strong>INON BARNATAN\u00a0<\/strong>piano<br \/>\n<strong>CORO SINF\u00d3NICO DE DALLAS<\/strong>\u00a0<strong>- ANTHONY BLAKE CLARK\u00a0<\/strong>director del coro<br \/>\n<strong>LAUREN SNOUFFER<\/strong>\u00a0soprano<br \/>\n<strong>KIMBERLY JAMES<\/strong>\u00a0mezzo-soprano<br \/>\n<strong>KEY'MON MURRAH<\/strong>\u00a0contratenor<br \/>\n<strong>PAUL APPLEBY<\/strong>\u00a0tenor<\/p>\n<p><strong>ANG\u00c9LICA NEGR\u00d3N<\/strong>\u00a0<em>Por todo lo que sigues perdiendo<\/em>\u00a0(Estreno mundial)<br \/>\n<strong>GERSHWIN\u00a0<\/strong><em>Rapsodia en Azul<\/em><br \/>\n<strong>GOULD\u00a0<\/strong><em>Sinfon\u00eda Latinoamericana<\/em><\/p>\n<hr \/>\n<p><a href=\"https:\/\/www.dallassymphony.org\/es\/productions\/gershwinsrhapsodyinblue\/\">Obtener detalles<\/a><\/p>\n\t\t<\/div>\n\t<\/div>\n<\/div><div class=\"card\">\n\t<button id=\"heading50693bd99d4a7e01bd4eb786fa476a66\" class=\"dso__accordion-toggle\" type=\"button\" data-toggle=\"collapse\" data-target=\"#collapse50693bd99d4a7e01bd4eb786fa476a66\" aria-expanded=\"false\" aria-controls=\"collapse50693bd99d4a7e01bd4eb786fa476a66\">\n\t\tAlsop dirige Brahms | 7 y 9 de noviembre\t\t<span class=\"plus-sign\">\n            <svg xmlns=\"http:\/\/www.w3.org\/2000\/svg\" width=\"25\" height=\"25\" viewbox=\"0 0 25 25\">\n                <g transform=\"translate(211.054 -145.186) rotate(135)\"><rect width=\"25\" height=\"3\" transform=\"translate(242.001 36.678) rotate(-45)\"\/><rect width=\"25\" height=\"3\" transform=\"translate(244.12 19) rotate(45)\"\/><\/g>\n            <\/svg>\n        <\/span>\n\t<\/button>\n\n\t<div id=\"collapse50693bd99d4a7e01bd4eb786fa476a66\" class=\"collapse\" aria-labelledby=\"heading50693bd99d4a7e01bd4eb786fa476a66\" data-parent=\"#accordion-d41d8cd98f00b204e9800998ecf8427e\">\n\t\t<div class=\"card-body\">\n\t\t\t<p><strong>MARIN TAMBI\u00c9N<\/strong>\u00a0lleva a cabo<br \/>\n<strong>KAREN SLACK<\/strong>\u00a0soprano<\/p>\n<p><strong>R. STRAUSS<\/strong>\u00a0<em>Don Juan<\/em><br \/>\n<strong>KATHRYN BOSTIC<\/strong>\u00a0Obra para soprano y orquesta (estreno mundial) Lorene Cary, libreto<br \/>\n<strong>BRAHMS\u00a0<\/strong>Sinfon\u00eda n\u00ba 2<\/p>\n<hr \/>\n<p><a href=\"https:\/\/www.dallassymphony.org\/es\/productions\/alsop-conducts-brahms\/\">Obtener detalles<\/a><\/p>\n\t\t<\/div>\n\t<\/div>\n<\/div><div class=\"card\">\n\t<button id=\"headingfb31f4a579059164e713e60ccf80ec4b\" class=\"dso__accordion-toggle\" type=\"button\" data-toggle=\"collapse\" data-target=\"#collapsefb31f4a579059164e713e60ccf80ec4b\" aria-expanded=\"false\" aria-controls=\"collapsefb31f4a579059164e713e60ccf80ec4b\">\n\t\tLuisi dirige Mozart | 20 - 22 de noviembre\t\t<span class=\"plus-sign\">\n            <svg xmlns=\"http:\/\/www.w3.org\/2000\/svg\" width=\"25\" height=\"25\" viewbox=\"0 0 25 25\">\n                <g transform=\"translate(211.054 -145.186) rotate(135)\"><rect width=\"25\" height=\"3\" transform=\"translate(242.001 36.678) rotate(-45)\"\/><rect width=\"25\" height=\"3\" transform=\"translate(244.12 19) rotate(45)\"\/><\/g>\n            <\/svg>\n        <\/span>\n\t<\/button>\n\n\t<div id=\"collapsefb31f4a579059164e713e60ccf80ec4b\" class=\"collapse\" aria-labelledby=\"headingfb31f4a579059164e713e60ccf80ec4b\" data-parent=\"#accordion-d41d8cd98f00b204e9800998ecf8427e\">\n\t\t<div class=\"card-body\">\n\t\t\t<p><strong>FABIO LUISI<\/strong>\u00a0lleva a cabo<br \/>\n<strong>GREGORY RADEN<\/strong>\u00a0clarinete<\/p>\n<p><strong>BEETHOVEN\u00a0<\/strong><em>Leonore\u00a0<\/em>Obertura n\u00ba 3<br \/>\n<strong>JON CZINER<\/strong>\u00a0Concierto para clarinete (estreno mundial)<br \/>\n<strong>MONI JASMINE GUO<\/strong>\u00a0\"the sound of where i came from\" \u4e61\u97f3 (Estreno mundial) (Comisi\u00f3n Toulmin)<br \/>\n<strong>MOZART<\/strong>\u00a0Sinfon\u00eda n\u00ba 40 en sol menor<\/p>\n<hr \/>\n<p><a href=\"https:\/\/www.dallassymphony.org\/es\/productions\/luisi-conducts-mozart\/\">Obtener detalles<\/a><\/p>\n\t\t<\/div>\n\t<\/div>\n<\/div><div class=\"card\">\n\t<button id=\"headingf713a49da7b700638b642600047367c9\" class=\"dso__accordion-toggle\" type=\"button\" data-toggle=\"collapse\" data-target=\"#collapsef713a49da7b700638b642600047367c9\" aria-expanded=\"false\" aria-controls=\"collapsef713a49da7b700638b642600047367c9\">\n\t\tChaikovski y Rachmaninoff | 12 - 15 febrero\t\t<span class=\"plus-sign\">\n            <svg xmlns=\"http:\/\/www.w3.org\/2000\/svg\" width=\"25\" height=\"25\" viewbox=\"0 0 25 25\">\n                <g transform=\"translate(211.054 -145.186) rotate(135)\"><rect width=\"25\" height=\"3\" transform=\"translate(242.001 36.678) rotate(-45)\"\/><rect width=\"25\" height=\"3\" transform=\"translate(244.12 19) rotate(45)\"\/><\/g>\n            <\/svg>\n        <\/span>\n\t<\/button>\n\n\t<div id=\"collapsef713a49da7b700638b642600047367c9\" class=\"collapse\" aria-labelledby=\"headingf713a49da7b700638b642600047367c9\" data-parent=\"#accordion-d41d8cd98f00b204e9800998ecf8427e\">\n\t\t<div class=\"card-body\">\n\t\t\t<p><strong>TABITA BERGLUND<\/strong>\u00a0lleva a cabo<br \/>\n<strong>MELISSA BLANCA<\/strong>\u00a0viol\u00edn<\/p>\n<p><strong>TCHAIKOVSKY\u00a0<\/strong><em>Romeo y Julieta Obertura de fantas\u00eda<\/em><br \/>\n<strong>SOPHIA JANI\u00a0<\/strong>Concierto para viol\u00edn y orquesta (estreno mundial)<br \/>\n<strong>RACHMANINOFF<\/strong>\u00a0<em>Danzas sinf\u00f3nicas<\/em><\/p>\n<hr \/>\n<p><a href=\"https:\/\/www.dallassymphony.org\/es\/productions\/tchaikovsky-rachmaninoff\/\">Obtener detalles<\/a><\/p>\n\t\t<\/div>\n\t<\/div>\n<\/div><div class=\"card\">\n\t<button id=\"heading373ded0d3ff67c17211619547ffde4eb\" class=\"dso__accordion-toggle\" type=\"button\" data-toggle=\"collapse\" data-target=\"#collapse373ded0d3ff67c17211619547ffde4eb\" aria-expanded=\"false\" aria-controls=\"collapse373ded0d3ff67c17211619547ffde4eb\">\n\t\tBart\u00f3k, R\u00f3zsa &amp; Brahms | 26 - 28 mar.\t\t<span class=\"plus-sign\">\n            <svg xmlns=\"http:\/\/www.w3.org\/2000\/svg\" width=\"25\" height=\"25\" viewbox=\"0 0 25 25\">\n                <g transform=\"translate(211.054 -145.186) rotate(135)\"><rect width=\"25\" height=\"3\" transform=\"translate(242.001 36.678) rotate(-45)\"\/><rect width=\"25\" height=\"3\" transform=\"translate(244.12 19) rotate(45)\"\/><\/g>\n            <\/svg>\n        <\/span>\n\t<\/button>\n\n\t<div id=\"collapse373ded0d3ff67c17211619547ffde4eb\" class=\"collapse\" aria-labelledby=\"heading373ded0d3ff67c17211619547ffde4eb\" data-parent=\"#accordion-d41d8cd98f00b204e9800998ecf8427e\">\n\t\t<div class=\"card-body\">\n\t\t\t<p><strong>FABIO LUISI<\/strong>\u00a0lleva a cabo<br \/>\n<strong>AMARYN OLMEDA<\/strong>\u00a0viol\u00edn<\/p>\n<p><strong>R\u00d3ZSA\u00a0<\/strong>Concierto para viol\u00edn<br \/>\n<strong>BART\u00d3K\u00a0<\/strong><em>Danzas populares rumanas<\/em><br \/>\n<strong>BRAHMS\u00a0<\/strong>Selecci\u00f3n de danzas h\u00fangaras<\/p>\n<hr \/>\n<p><a href=\"https:\/\/www.dallassymphony.org\/es\/productions\/bartok-rozsa-brahms\/\">Obtener detalles<\/a><\/p>\n\t\t<\/div>\n\t<\/div>\n<\/div>\t\t\t\t<\/div>\n\t\t\t<\/div>\n\t\t<\/div>\n\t<\/div>\n<\/div>\n<\/div>\n<\/div>\n\n\n\n<div class=\"wp-block-columns is-layout-flex wp-container-core-columns-is-layout-9d6595d7 wp-block-columns-is-layout-flex\">\n<div class=\"wp-block-column is-layout-flow wp-block-column-is-layout-flow\" style=\"flex-basis:33.33%\">\n<h1 class=\"wp-block-heading\" id=\"movies\">Cine en concierto<\/h1>\n<\/div>\n\n\n\n<div class=\"wp-block-column is-layout-flow wp-block-column-is-layout-flow\" style=\"flex-basis:66.66%\"><div class=\"dso__accordion m-spacer\">\n    <div class=\"container\">\n        <div class=\"row\">\n            <div class=\"col-lg-12\">\n                <div class=\"accordion__intro-wrapper\">\n                    <h1><\/h1>\n                    <p><\/p>\n                <\/div>\n            <\/div>\n        <\/div>\n\t\t<div class=\"row\">\n\t\t\t<div class=\"col-md-10 offset-md-1\">\n\t\t\t\t<div class=\"accordion\" id=\"accordion-d41d8cd98f00b204e9800998ecf8427e\">\n\t\t\t\t\t<div class=\"card\">\n\t<button id=\"heading8fed38c21cab7abca67a9645bb3e4b3f\" class=\"dso__accordion-toggle\" type=\"button\" data-toggle=\"collapse\" data-target=\"#collapse8fed38c21cab7abca67a9645bb3e4b3f\" aria-expanded=\"false\" aria-controls=\"collapse8fed38c21cab7abca67a9645bb3e4b3f\">\n\t\tHarry Potter y la Orden del F\u00e9nix\u2122 en concierto del 4 al 7 de septiembre\t\t<span class=\"plus-sign\">\n            <svg xmlns=\"http:\/\/www.w3.org\/2000\/svg\" width=\"25\" height=\"25\" viewbox=\"0 0 25 25\">\n                <g transform=\"translate(211.054 -145.186) rotate(135)\"><rect width=\"25\" height=\"3\" transform=\"translate(242.001 36.678) rotate(-45)\"\/><rect width=\"25\" height=\"3\" transform=\"translate(244.12 19) rotate(45)\"\/><\/g>\n            <\/svg>\n        <\/span>\n\t<\/button>\n\n\t<div id=\"collapse8fed38c21cab7abca67a9645bb3e4b3f\" class=\"collapse\" aria-labelledby=\"heading8fed38c21cab7abca67a9645bb3e4b3f\" data-parent=\"#accordion-d41d8cd98f00b204e9800998ecf8427e\">\n\t\t<div class=\"card-body\">\n\t\t\t<p><strong>LAWRENCE LOH<\/strong>\u00a0lleva a cabo<\/p>\n<p>CineConcerts invita a los fans a volver al Wizarding World de Harry Potter\u2122 para disfrutar de una noche de m\u00fasica y magia en el Ciclo de Conciertos de Cine de Harry Potter\u2122. Revive la magia de Harry Potter\u2122 en la gran pantalla en alta definici\u00f3n y disfruta de la m\u00fasica de una orquesta sinf\u00f3nica en directo interpretando la inolvidable partitura de Nicholas Hooper.<\/p>\n<p><strong>Todos los personajes y elementos \u00a9 &amp; \u2122 Warner Bros. Entertainment Inc. Derechos de publicaci\u00f3n \u00a9 JKR.<\/strong><\/p>\n<hr \/>\n<p><a href=\"https:\/\/www.dallassymphony.org\/es\/productions\/harry-potter-the-order-of-the-phoenix-in-concert\/\">Compra de entradas<\/a><\/p>\n\t\t<\/div>\n\t<\/div>\n<\/div><div class=\"card\">\n\t<button id=\"headingf51e37351b3f851952ecc4b417d9c700\" class=\"dso__accordion-toggle\" type=\"button\" data-toggle=\"collapse\" data-target=\"#collapsef51e37351b3f851952ecc4b417d9c700\" aria-expanded=\"false\" aria-controls=\"collapsef51e37351b3f851952ecc4b417d9c700\">\n\t\tSolo en casa en concierto | 5 - 7 dic.\t\t<span class=\"plus-sign\">\n            <svg xmlns=\"http:\/\/www.w3.org\/2000\/svg\" width=\"25\" height=\"25\" viewbox=\"0 0 25 25\">\n                <g transform=\"translate(211.054 -145.186) rotate(135)\"><rect width=\"25\" height=\"3\" transform=\"translate(242.001 36.678) rotate(-45)\"\/><rect width=\"25\" height=\"3\" transform=\"translate(244.12 19) rotate(45)\"\/><\/g>\n            <\/svg>\n        <\/span>\n\t<\/button>\n\n\t<div id=\"collapsef51e37351b3f851952ecc4b417d9c700\" class=\"collapse\" aria-labelledby=\"headingf51e37351b3f851952ecc4b417d9c700\" data-parent=\"#accordion-d41d8cd98f00b204e9800998ecf8427e\">\n\t\t<div class=\"card-body\">\n\t\t\t<p><strong>ENRICO LOPEZ-YA\u00d1EZ<\/strong>\u00a0lleva a cabo<br \/>\n<strong>CORO INFANTIL DE LA SINF\u00d3NICA DE DALLAS<\/strong>\u00a0-\u00a0<strong>ELLIE LIN<\/strong>\u00a0director art\u00edstico<\/p>\n<p>Este cl\u00e1sico de la comedia, un aut\u00e9ntico favorito navide\u00f1o, cuenta con la encantadora y deliciosa banda sonora del c\u00e9lebre compositor John Williams, interpretada en directo por la Orquesta Sinf\u00f3nica de Dallas. Macaulay Culkin interpreta a Kevin McCallister, un ni\u00f1o de 8 a\u00f1os que se queda atr\u00e1s accidentalmente cuando su familia se va de vacaciones de Navidad, y que debe defender su casa de dos ladrones torpes.  Divertid\u00edsima y enternecedora,\u00a0<em>Solo en casa<\/em>\u00a0\u00a1es diversi\u00f3n navide\u00f1a para toda la familia!<\/p>\n<p>1990 Twentieth Century Fox<\/p>\n<p><!-- \/wp:paragraph --><\/p>\n<hr \/>\n<p><a href=\"https:\/\/www.dallassymphony.org\/es\/productions\/home-alone-in-concert-3\/\">Compra de entradas<\/a><\/p>\n\t\t<\/div>\n\t<\/div>\n<\/div><div class=\"card\">\n\t<button id=\"headinga9cb4493417dfa60ae78adadcaa2a85f\" class=\"dso__accordion-toggle\" type=\"button\" data-toggle=\"collapse\" data-target=\"#collapsea9cb4493417dfa60ae78adadcaa2a85f\" aria-expanded=\"false\" aria-controls=\"collapsea9cb4493417dfa60ae78adadcaa2a85f\">\n\t\tLa m\u00fasica de Danny Elfman en las pel\u00edculas de Tim Burton | 13 - 15 mar.\t\t<span class=\"plus-sign\">\n            <svg xmlns=\"http:\/\/www.w3.org\/2000\/svg\" width=\"25\" height=\"25\" viewbox=\"0 0 25 25\">\n                <g transform=\"translate(211.054 -145.186) rotate(135)\"><rect width=\"25\" height=\"3\" transform=\"translate(242.001 36.678) rotate(-45)\"\/><rect width=\"25\" height=\"3\" transform=\"translate(244.12 19) rotate(45)\"\/><\/g>\n            <\/svg>\n        <\/span>\n\t<\/button>\n\n\t<div id=\"collapsea9cb4493417dfa60ae78adadcaa2a85f\" class=\"collapse\" aria-labelledby=\"headinga9cb4493417dfa60ae78adadcaa2a85f\" data-parent=\"#accordion-d41d8cd98f00b204e9800998ecf8427e\">\n\t\t<div class=\"card-body\">\n\t\t\t<p><!-- wp:paragraph --><\/p>\n<p><strong>SARAH HICKS\u00a0<\/strong>lleva a cabo<br \/>\n<strong>DANNY ELFMAN<\/strong>\u00a0invitado especial<br \/>\n<strong>SANDY CAMERON<\/strong>\u00a0viol\u00edn<br \/>\n<strong>CORO SINF\u00d3NICO DE DALLAS - ANTHONY BLAKE CLARK<\/strong>\u00a0director del coro<\/p>\n<p><em>La m\u00fasica de Danny Elfman en las pel\u00edculas de Tim Burton<\/em>\u00a0explora la relaci\u00f3n de colaboraci\u00f3native entre la m\u00fasica y la narraci\u00f3n y el proceso y la importancia que esto tiene en la realizaci\u00f3n cinematogr\u00e1fica. El compositor Danny Elfman y el visionario cineasta de Hollywood Tim Burton han creado una experiencia de concierto \u00fanica, prestando m\u00fasica y visuales para celebrar los 25 a\u00f1os de asociaci\u00f3n de dos de los principales creadores de Hollywood. Este concierto presenta las famosas partituras de pel\u00edculas de Tim Burton creadas por Danny Elfman, que cobran vida en el escenario con una orquesta, realzadas por im\u00e1genes en la gran pantalla de bocetos, dibujos y guiones gr\u00e1ficos originales, e incluye una actuaci\u00f3n especial en directo de Danny Elfman.<\/p>\n<hr \/>\n<p><a href=\"https:\/\/www.dallassymphony.org\/es\/productions\/danny-elfmans-music-from-the-films-of-tim-burton\/\">Compra de entradas<\/a><\/p>\n<!-- \/wp:paragraph -->\t\t<\/div>\n\t<\/div>\n<\/div><div class=\"card\">\n\t<button id=\"heading3560ce6b2c74b8f459f3e2c6e73a9c27\" class=\"dso__accordion-toggle\" type=\"button\" data-toggle=\"collapse\" data-target=\"#collapse3560ce6b2c74b8f459f3e2c6e73a9c27\" aria-expanded=\"false\" aria-controls=\"collapse3560ce6b2c74b8f459f3e2c6e73a9c27\">\n\t\tTop Gun: Maverick in Concert | 22 - 24 de mayo\t\t<span class=\"plus-sign\">\n            <svg xmlns=\"http:\/\/www.w3.org\/2000\/svg\" width=\"25\" height=\"25\" viewbox=\"0 0 25 25\">\n                <g transform=\"translate(211.054 -145.186) rotate(135)\"><rect width=\"25\" height=\"3\" transform=\"translate(242.001 36.678) rotate(-45)\"\/><rect width=\"25\" height=\"3\" transform=\"translate(244.12 19) rotate(45)\"\/><\/g>\n            <\/svg>\n        <\/span>\n\t<\/button>\n\n\t<div id=\"collapse3560ce6b2c74b8f459f3e2c6e73a9c27\" class=\"collapse\" aria-labelledby=\"heading3560ce6b2c74b8f459f3e2c6e73a9c27\" data-parent=\"#accordion-d41d8cd98f00b204e9800998ecf8427e\">\n\t\t<div class=\"card-body\">\n\t\t\t<p><strong>CONSTANTINE KITSOPOULOS<\/strong>\u00a0lleva a cabo<\/p>\n<p>Con m\u00fasica de Harold Faltermeyer, Lady Gaga y Hans Zimmer, y partitura producida por Lorne Balfe.<\/p>\n<p>Top Gun: Maverick fue nominada a seis Premios de la Academia\u00ae, incluyendo Mejor Pel\u00edcula y Mejor Canci\u00f3n Original, ganando el de Mejor Sonido.<\/p>\n<p>Despu\u00e9s de m\u00e1s de 30 a\u00f1os de servicio como uno de los mejores aviadores de la Marina, Pete \"Maverick\" Mitchell (Tom Cruise) est\u00e1 donde debe estar, superando los l\u00edmites como valiente piloto de pruebas y esquivando el ascenso de rango que le castigar\u00eda. Cuando se encuentra entrenando a un destacamento de graduados TOPGUN para una misi\u00f3n especializada como ning\u00fan piloto vivo ha visto jam\u00e1s, Maverick se encuentra con el teniente Bradley Bradshaw (Miles Teller), indicativo de llamada: \"Rooster\", hijo del difunto amigo de Maverick y oficial de interceptaci\u00f3n por radar, el teniente Nick Bradshaw, alias \"Goose\".<\/p>\n<p>Enfrent\u00e1ndose a un futuro incierto y enfrent\u00e1ndose a los fantasmas de su pasado, Maverick se ve arrastrado a una confrontaci\u00f3n con sus propios miedos m\u00e1s profundos, que culmina en una misi\u00f3n que exige el m\u00e1ximo sacrificio a los que ser\u00e1n elegidos para pilotarla.<\/p>\n<h6 class=\"wp-block-heading\">Una producci\u00f3n del Royal Albert Hall. Gracias a esk film.<\/h6>\n<hr \/>\n<p><a href=\"https:\/\/www.dallassymphony.org\/es\/productions\/top-gun-maverick-in-concert\/\">Compra de entradas<\/a><\/p>\n\t\t<\/div>\n\t<\/div>\n<\/div>\t\t\t\t<\/div>\n\t\t\t<\/div>\n\t\t<\/div>\n\t<\/div>\n<\/div>\n<\/div>\n<\/div>\n\n\n\n<div class=\"wp-block-columns is-layout-flex wp-container-core-columns-is-layout-9d6595d7 wp-block-columns-is-layout-flex\">\n<div class=\"wp-block-column is-layout-flow wp-block-column-is-layout-flow\" style=\"flex-basis:33.33%\">\n<h1 class=\"wp-block-heading\" id=\"luisi\">Luisi dirige<\/h1>\n<\/div>\n\n\n\n<div class=\"wp-block-column is-layout-flow wp-block-column-is-layout-flow\" style=\"flex-basis:66.66%\"><div class=\"dso__accordion m-spacer\">\n    <div class=\"container\">\n        <div class=\"row\">\n            <div class=\"col-lg-12\">\n                <div class=\"accordion__intro-wrapper\">\n                    <h1><\/h1>\n                    <p><\/p>\n                <\/div>\n            <\/div>\n        <\/div>\n\t\t<div class=\"row\">\n\t\t\t<div class=\"col-md-10 offset-md-1\">\n\t\t\t\t<div class=\"accordion\" id=\"accordion-d41d8cd98f00b204e9800998ecf8427e\">\n\t\t\t\t\t<div class=\"card\">\n\t<button id=\"headingbfe4ceeeddcda3e4a7f1928347965fb3\" class=\"dso__accordion-toggle\" type=\"button\" data-toggle=\"collapse\" data-target=\"#collapsebfe4ceeeddcda3e4a7f1928347965fb3\" aria-expanded=\"false\" aria-controls=\"collapsebfe4ceeeddcda3e4a7f1928347965fb3\">\n\t\tHaydn y Mahler | Del 2 al 5 de octubre\t\t<span class=\"plus-sign\">\n            <svg xmlns=\"http:\/\/www.w3.org\/2000\/svg\" width=\"25\" height=\"25\" viewbox=\"0 0 25 25\">\n                <g transform=\"translate(211.054 -145.186) rotate(135)\"><rect width=\"25\" height=\"3\" transform=\"translate(242.001 36.678) rotate(-45)\"\/><rect width=\"25\" height=\"3\" transform=\"translate(244.12 19) rotate(45)\"\/><\/g>\n            <\/svg>\n        <\/span>\n\t<\/button>\n\n\t<div id=\"collapsebfe4ceeeddcda3e4a7f1928347965fb3\" class=\"collapse\" aria-labelledby=\"headingbfe4ceeeddcda3e4a7f1928347965fb3\" data-parent=\"#accordion-d41d8cd98f00b204e9800998ecf8427e\">\n\t\t<div class=\"card-body\">\n\t\t\t<p><strong>FABIO LUISI<\/strong>\u00a0lleva a cabo<br \/>\n<strong>SOF\u00cdA FOMINA<\/strong>\u00a0soprano<\/p>\n<p><strong>HAYDN\u00a0<\/strong>Sinfon\u00eda n\u00ba 92 en sol mayor, \"Oxford\"<br \/>\n<strong>MAHLER\u00a0<\/strong>Sinfon\u00eda n\u00ba 4<\/p>\n<hr \/>\n<p><a href=\"https:\/\/www.dallassymphony.org\/es\/productions\/haydn-mahler\/\">Obtener detalles<\/a><\/p>\n\t\t<\/div>\n\t<\/div>\n<\/div><div class=\"card\">\n\t<button id=\"heading2d63b2cb3ac3b0cf125bad6c2f3e6783\" class=\"dso__accordion-toggle\" type=\"button\" data-toggle=\"collapse\" data-target=\"#collapse2d63b2cb3ac3b0cf125bad6c2f3e6783\" aria-expanded=\"false\" aria-controls=\"collapse2d63b2cb3ac3b0cf125bad6c2f3e6783\">\n\t\tFuentes de Roma de Respighi | 9 - 12 oct.\t\t<span class=\"plus-sign\">\n            <svg xmlns=\"http:\/\/www.w3.org\/2000\/svg\" width=\"25\" height=\"25\" viewbox=\"0 0 25 25\">\n                <g transform=\"translate(211.054 -145.186) rotate(135)\"><rect width=\"25\" height=\"3\" transform=\"translate(242.001 36.678) rotate(-45)\"\/><rect width=\"25\" height=\"3\" transform=\"translate(244.12 19) rotate(45)\"\/><\/g>\n            <\/svg>\n        <\/span>\n\t<\/button>\n\n\t<div id=\"collapse2d63b2cb3ac3b0cf125bad6c2f3e6783\" class=\"collapse\" aria-labelledby=\"heading2d63b2cb3ac3b0cf125bad6c2f3e6783\" data-parent=\"#accordion-d41d8cd98f00b204e9800998ecf8427e\">\n\t\t<div class=\"card-body\">\n\t\t\t<p><strong>FABIO LUISI<\/strong>\u00a0lleva a cabo<br \/>\n<strong>BRUCE LIU<\/strong>\u00a0piano<\/p>\n<p><strong>SOPHIA JANI<\/strong>\u00a0<em>\u00bfQu\u00e9 hacen las flores por la noche?<\/em>\u00a0(Estreno en la DSO)<br \/>\n<strong>SAINT-SA\u00cbNS<\/strong>\u00a0Concierto para piano n.\u00ba 5 en fa mayor, \"Egipcio\"<br \/>\n<strong>RESPIGHI\u00a0<\/strong><em>Vetrate di chiesa<\/em>\u00a0(Ventanas de la iglesia)<br \/>\n<strong>RESPIGHI\u00a0<\/strong><em>Las fuentes de Roma<\/em>\u00a0(Las fuentes de Roma)<\/p>\n<hr \/>\n<p><a href=\"https:\/\/www.dallassymphony.org\/es\/productions\/respighis-fountains-of-rome\/\">Obtener detalles<\/a><\/p>\n\t\t<\/div>\n\t<\/div>\n<\/div><div class=\"card\">\n\t<button id=\"heading070962921311515e5f6795835a58fe49\" class=\"dso__accordion-toggle\" type=\"button\" data-toggle=\"collapse\" data-target=\"#collapse070962921311515e5f6795835a58fe49\" aria-expanded=\"false\" aria-controls=\"collapse070962921311515e5f6795835a58fe49\">\n\t\tRhapsody in Blue de Gershwin | 16 - 18 octubre\t\t<span class=\"plus-sign\">\n            <svg xmlns=\"http:\/\/www.w3.org\/2000\/svg\" width=\"25\" height=\"25\" viewbox=\"0 0 25 25\">\n                <g transform=\"translate(211.054 -145.186) rotate(135)\"><rect width=\"25\" height=\"3\" transform=\"translate(242.001 36.678) rotate(-45)\"\/><rect width=\"25\" height=\"3\" transform=\"translate(244.12 19) rotate(45)\"\/><\/g>\n            <\/svg>\n        <\/span>\n\t<\/button>\n\n\t<div id=\"collapse070962921311515e5f6795835a58fe49\" class=\"collapse\" aria-labelledby=\"heading070962921311515e5f6795835a58fe49\" data-parent=\"#accordion-d41d8cd98f00b204e9800998ecf8427e\">\n\t\t<div class=\"card-body\">\n\t\t\t<p><strong>FABIO LUISI<\/strong>\u00a0lleva a cabo<br \/>\n<strong>INON BARNATAN\u00a0<\/strong>piano<br \/>\n<strong>CORO SINF\u00d3NICO DE DALLAS<\/strong>\u00a0<strong>- ANTHONY BLAKE CLARK\u00a0<\/strong>director del coro<br \/>\n<strong>LAUREN SNOUFFER<\/strong>\u00a0soprano<br \/>\n<strong>KIMBERLY JAMES<\/strong>\u00a0mezzo-soprano<br \/>\n<strong>KEY'MON MURRAH<\/strong>\u00a0contratenor<br \/>\n<strong>PAUL APPLEBY<\/strong>\u00a0tenor<\/p>\n<p><strong>ANG\u00c9LICA NEGR\u00d3N<\/strong>\u00a0<em>Por todo lo que sigues perdiendo<\/em>\u00a0(Estreno mundial)<br \/>\n<strong>GERSHWIN\u00a0<\/strong><em>Rapsodia en Azul<\/em><br \/>\n<strong>GOULD\u00a0<\/strong><em>Sinfon\u00eda Latinoamericana<\/em><\/p>\n<hr \/>\n<p><a href=\"https:\/\/www.dallassymphony.org\/es\/productions\/gershwinsrhapsodyinblue\/\">Obtener detalles<\/a><\/p>\n\t\t<\/div>\n\t<\/div>\n<\/div><div class=\"card\">\n\t<button id=\"headingfb31f4a579059164e713e60ccf80ec4b\" class=\"dso__accordion-toggle\" type=\"button\" data-toggle=\"collapse\" data-target=\"#collapsefb31f4a579059164e713e60ccf80ec4b\" aria-expanded=\"false\" aria-controls=\"collapsefb31f4a579059164e713e60ccf80ec4b\">\n\t\tLuisi dirige Mozart | 20 - 22 de noviembre\t\t<span class=\"plus-sign\">\n            <svg xmlns=\"http:\/\/www.w3.org\/2000\/svg\" width=\"25\" height=\"25\" viewbox=\"0 0 25 25\">\n                <g transform=\"translate(211.054 -145.186) rotate(135)\"><rect width=\"25\" height=\"3\" transform=\"translate(242.001 36.678) rotate(-45)\"\/><rect width=\"25\" height=\"3\" transform=\"translate(244.12 19) rotate(45)\"\/><\/g>\n            <\/svg>\n        <\/span>\n\t<\/button>\n\n\t<div id=\"collapsefb31f4a579059164e713e60ccf80ec4b\" class=\"collapse\" aria-labelledby=\"headingfb31f4a579059164e713e60ccf80ec4b\" data-parent=\"#accordion-d41d8cd98f00b204e9800998ecf8427e\">\n\t\t<div class=\"card-body\">\n\t\t\t<p><strong>FABIO LUISI<\/strong>\u00a0lleva a cabo<br \/>\n<strong>GREGORY RADEN<\/strong>\u00a0clarinete<\/p>\n<p><strong>BEETHOVEN\u00a0<\/strong><em>Leonore\u00a0<\/em>Obertura n\u00ba 3<br \/>\n<strong>JON CZINER<\/strong>\u00a0Concierto para clarinete (estreno mundial)<br \/>\n<strong>MONI JASMINE GUO<\/strong>\u00a0\"the sound of where i came from\" \u4e61\u97f3 (Estreno mundial) (Comisi\u00f3n Toulmin)<br \/>\n<strong>MOZART<\/strong>\u00a0Sinfon\u00eda n\u00ba 40 en sol menor<\/p>\n<hr \/>\n<p><a href=\"https:\/\/www.dallassymphony.org\/es\/productions\/luisi-conducts-mozart\/\">Obtener detalles<\/a><\/p>\n\t\t<\/div>\n\t<\/div>\n<\/div><div class=\"card\">\n\t<button id=\"heading602c8ad7d1ea8872971c87c1c2452097\" class=\"dso__accordion-toggle\" type=\"button\" data-toggle=\"collapse\" data-target=\"#collapse602c8ad7d1ea8872971c87c1c2452097\" aria-expanded=\"false\" aria-controls=\"collapse602c8ad7d1ea8872971c87c1c2452097\">\n\t\tMadama Butterfly de Puccini | 9 - 11 enero\t\t<span class=\"plus-sign\">\n            <svg xmlns=\"http:\/\/www.w3.org\/2000\/svg\" width=\"25\" height=\"25\" viewbox=\"0 0 25 25\">\n                <g transform=\"translate(211.054 -145.186) rotate(135)\"><rect width=\"25\" height=\"3\" transform=\"translate(242.001 36.678) rotate(-45)\"\/><rect width=\"25\" height=\"3\" transform=\"translate(244.12 19) rotate(45)\"\/><\/g>\n            <\/svg>\n        <\/span>\n\t<\/button>\n\n\t<div id=\"collapse602c8ad7d1ea8872971c87c1c2452097\" class=\"collapse\" aria-labelledby=\"heading602c8ad7d1ea8872971c87c1c2452097\" data-parent=\"#accordion-d41d8cd98f00b204e9800998ecf8427e\">\n\t\t<div class=\"card-body\">\n\t\t\t<div class=\"wp-block-columns is-layout-flex wp-container-3 wp-block-columns-is-layout-flex\">\n<div class=\"wp-block-column is-layout-flow wp-block-column-is-layout-flow\">\n<p><strong>FABIO LUISI<\/strong>\u00a0lleva a cabo<br \/>\n<strong>CORO SINF\u00d3NICO DE DALLAS - ANTHONY BLAKE CLARK<\/strong>\u00a0director del coro<br \/>\n<strong>JENNIFER ROWLEY<\/strong>\u00a0mariposa<br \/>\n<strong>FABIO SARTORI<\/strong>\u00a0pinkerton<\/p>\n<\/div>\n<div class=\"wp-block-column is-layout-flow wp-block-column-is-layout-flow\">\n<p><strong>MANUELA CUSTER<\/strong>\u00a0suzuki<br \/>\n<strong>ALESSANDRO LUONGO<\/strong>\u00a0sharpless<br \/>\n<strong>KEITH JAMESON<\/strong>\u00a0goro<br \/>\n<strong>KIDON CHOI<\/strong>\u00a0yamadori y t\u00edo bonze<br \/>\n<strong>PAUL CURRAN<\/strong>\u00a0director de escena<\/p>\n<\/div>\n<\/div>\n<p><strong>PUCCINI<\/strong>\u00a0<em>Madama Butterfly<\/em><\/p>\n<hr \/>\n<p><a href=\"https:\/\/www.dallassymphony.org\/es\/productions\/puccinis-madama-butterfly\/\">Obtener detalles<\/a><\/p>\n\t\t<\/div>\n\t<\/div>\n<\/div><div class=\"card\">\n\t<button id=\"headinga27b5c1b0f925d51c71763a32ec596d6\" class=\"dso__accordion-toggle\" type=\"button\" data-toggle=\"collapse\" data-target=\"#collapsea27b5c1b0f925d51c71763a32ec596d6\" aria-expanded=\"false\" aria-controls=\"collapsea27b5c1b0f925d51c71763a32ec596d6\">\n\t\tLuisi dirige la Novena de Bruckner | 15 y 16 de enero\t\t<span class=\"plus-sign\">\n            <svg xmlns=\"http:\/\/www.w3.org\/2000\/svg\" width=\"25\" height=\"25\" viewbox=\"0 0 25 25\">\n                <g transform=\"translate(211.054 -145.186) rotate(135)\"><rect width=\"25\" height=\"3\" transform=\"translate(242.001 36.678) rotate(-45)\"\/><rect width=\"25\" height=\"3\" transform=\"translate(244.12 19) rotate(45)\"\/><\/g>\n            <\/svg>\n        <\/span>\n\t<\/button>\n\n\t<div id=\"collapsea27b5c1b0f925d51c71763a32ec596d6\" class=\"collapse\" aria-labelledby=\"headinga27b5c1b0f925d51c71763a32ec596d6\" data-parent=\"#accordion-d41d8cd98f00b204e9800998ecf8427e\">\n\t\t<div class=\"card-body\">\n\t\t\t<p><strong>FABIO LUISI<\/strong>\u00a0lleva a cabo<\/p>\n<p><strong>BRUCKNER\u00a0<\/strong>Sinfon\u00eda n\u00ba 9 en re menor (1896, inacabada)<\/p>\n<hr \/>\n<p><a href=\"https:\/\/www.dallassymphony.org\/es\/productions\/luisi-conducts-bruckners-ninth\/\">Obtener detalles<\/a><\/p>\n\t\t<\/div>\n\t<\/div>\n<\/div><div class=\"card\">\n\t<button id=\"heading373ded0d3ff67c17211619547ffde4eb\" class=\"dso__accordion-toggle\" type=\"button\" data-toggle=\"collapse\" data-target=\"#collapse373ded0d3ff67c17211619547ffde4eb\" aria-expanded=\"false\" aria-controls=\"collapse373ded0d3ff67c17211619547ffde4eb\">\n\t\tBart\u00f3k, R\u00f3zsa &amp; Brahms | 26 - 28 mar.\t\t<span class=\"plus-sign\">\n            <svg xmlns=\"http:\/\/www.w3.org\/2000\/svg\" width=\"25\" height=\"25\" viewbox=\"0 0 25 25\">\n                <g transform=\"translate(211.054 -145.186) rotate(135)\"><rect width=\"25\" height=\"3\" transform=\"translate(242.001 36.678) rotate(-45)\"\/><rect width=\"25\" height=\"3\" transform=\"translate(244.12 19) rotate(45)\"\/><\/g>\n            <\/svg>\n        <\/span>\n\t<\/button>\n\n\t<div id=\"collapse373ded0d3ff67c17211619547ffde4eb\" class=\"collapse\" aria-labelledby=\"heading373ded0d3ff67c17211619547ffde4eb\" data-parent=\"#accordion-d41d8cd98f00b204e9800998ecf8427e\">\n\t\t<div class=\"card-body\">\n\t\t\t<p><strong>FABIO LUISI<\/strong>\u00a0lleva a cabo<br \/>\n<strong>AMARYN OLMEDA<\/strong>\u00a0viol\u00edn<\/p>\n<p><strong>R\u00d3ZSA\u00a0<\/strong>Concierto para viol\u00edn<br \/>\n<strong>BART\u00d3K\u00a0<\/strong><em>Danzas populares rumanas<\/em><br \/>\n<strong>BRAHMS\u00a0<\/strong>Selecci\u00f3n de danzas h\u00fangaras<\/p>\n<hr \/>\n<p><a href=\"https:\/\/www.dallassymphony.org\/es\/productions\/bartok-rozsa-brahms\/\">Obtener detalles<\/a><\/p>\n\t\t<\/div>\n\t<\/div>\n<\/div><div class=\"card\">\n\t<button id=\"heading31e1984d99a75debcac0540ceda1d562\" class=\"dso__accordion-toggle\" type=\"button\" data-toggle=\"collapse\" data-target=\"#collapse31e1984d99a75debcac0540ceda1d562\" aria-expanded=\"false\" aria-controls=\"collapse31e1984d99a75debcac0540ceda1d562\">\n\t\tEl p\u00e1jaro de fuego de Stravinsky | 30 abril - 3 mayo\t\t<span class=\"plus-sign\">\n            <svg xmlns=\"http:\/\/www.w3.org\/2000\/svg\" width=\"25\" height=\"25\" viewbox=\"0 0 25 25\">\n                <g transform=\"translate(211.054 -145.186) rotate(135)\"><rect width=\"25\" height=\"3\" transform=\"translate(242.001 36.678) rotate(-45)\"\/><rect width=\"25\" height=\"3\" transform=\"translate(244.12 19) rotate(45)\"\/><\/g>\n            <\/svg>\n        <\/span>\n\t<\/button>\n\n\t<div id=\"collapse31e1984d99a75debcac0540ceda1d562\" class=\"collapse\" aria-labelledby=\"heading31e1984d99a75debcac0540ceda1d562\" data-parent=\"#accordion-d41d8cd98f00b204e9800998ecf8427e\">\n\t\t<div class=\"card-body\">\n\t\t\t<p><strong>FABIO LUISI<\/strong>\u00a0lleva a cabo<\/p>\n<p><strong>GLINKA\u00a0<\/strong>Obertura de\u00a0<em>Ruslan y Ludmila<\/em><br \/>\n<strong>TCHAIKOVSKY\u00a0<\/strong>Sinfon\u00eda n\u00ba 2 en do menor, \"Peque\u00f1a rusa\"<br \/>\n<strong>STRAVINSKY\u00a0<\/strong><em>El P\u00e1jaro de Fuego<\/em>\u00a0Suite (1945)<\/p>\n<hr \/>\n<p><a href=\"https:\/\/www.dallassymphony.org\/es\/productions\/stravinskys-the-firebird\/\">Obtener detalles<\/a><\/p>\n\t\t<\/div>\n\t<\/div>\n<\/div><div class=\"card\">\n\t<button id=\"heading7824780d8989636054b68e447205d6df\" class=\"dso__accordion-toggle\" type=\"button\" data-toggle=\"collapse\" data-target=\"#collapse7824780d8989636054b68e447205d6df\" aria-expanded=\"false\" aria-controls=\"collapse7824780d8989636054b68e447205d6df\">\n\t\tBeethoven, Bach y Mozart | 7 - 10 de mayo\t\t<span class=\"plus-sign\">\n            <svg xmlns=\"http:\/\/www.w3.org\/2000\/svg\" width=\"25\" height=\"25\" viewbox=\"0 0 25 25\">\n                <g transform=\"translate(211.054 -145.186) rotate(135)\"><rect width=\"25\" height=\"3\" transform=\"translate(242.001 36.678) rotate(-45)\"\/><rect width=\"25\" height=\"3\" transform=\"translate(244.12 19) rotate(45)\"\/><\/g>\n            <\/svg>\n        <\/span>\n\t<\/button>\n\n\t<div id=\"collapse7824780d8989636054b68e447205d6df\" class=\"collapse\" aria-labelledby=\"heading7824780d8989636054b68e447205d6df\" data-parent=\"#accordion-d41d8cd98f00b204e9800998ecf8427e\">\n\t\t<div class=\"card-body\">\n\t\t\t<p><strong>FABIO LUISI<\/strong>\u00a0lleva a cabo<br \/>\n<strong>NATHAN OLSON<\/strong>\u00a0viol\u00edn<br \/>\n<strong>STUART STEPHENSON<\/strong>\u00a0trompeta<br \/>\n<strong>KATHRYN HENRY<\/strong>\u00a0soprano<\/p>\n<p><strong>BEETHOVEN\u00a0<\/strong><em>\"\u00a1Ah, perfido!\"<\/em>\u00a0Escena y aria para soprano y orquesta<br \/>\n<strong>BACH\u00a0<\/strong>Concierto para viol\u00edn en mi mayor<br \/>\n<strong>HAYDN\u00a0<\/strong>Concierto para trompeta en mi bemol mayor<br \/>\n<strong>MOZART\u00a0<\/strong>Sinfon\u00eda n\u00ba 35 en re mayor, K. 385, \"Haffner\"<\/p>\n<hr \/>\n<p><a href=\"https:\/\/www.dallassymphony.org\/es\/productions\/beethoven-bach-haydn-mozart\/\">Obtener detalles<\/a><\/p>\n\t\t<\/div>\n\t<\/div>\n<\/div><div class=\"card\">\n\t<button id=\"headingc09a013cf288e842f3264ec21e2097ff\" class=\"dso__accordion-toggle\" type=\"button\" data-toggle=\"collapse\" data-target=\"#collapsec09a013cf288e842f3264ec21e2097ff\" aria-expanded=\"false\" aria-controls=\"collapsec09a013cf288e842f3264ec21e2097ff\">\n\t\tLa Sinfon\u00eda de los Mil de Mahler | 15-17 de mayo\t\t<span class=\"plus-sign\">\n            <svg xmlns=\"http:\/\/www.w3.org\/2000\/svg\" width=\"25\" height=\"25\" viewbox=\"0 0 25 25\">\n                <g transform=\"translate(211.054 -145.186) rotate(135)\"><rect width=\"25\" height=\"3\" transform=\"translate(242.001 36.678) rotate(-45)\"\/><rect width=\"25\" height=\"3\" transform=\"translate(244.12 19) rotate(45)\"\/><\/g>\n            <\/svg>\n        <\/span>\n\t<\/button>\n\n\t<div id=\"collapsec09a013cf288e842f3264ec21e2097ff\" class=\"collapse\" aria-labelledby=\"headingc09a013cf288e842f3264ec21e2097ff\" data-parent=\"#accordion-d41d8cd98f00b204e9800998ecf8427e\">\n\t\t<div class=\"card-body\">\n\t\t\t<div class=\"wp-block-columns is-layout-flex wp-container-3 wp-block-columns-is-layout-flex\">\n<div class=\"wp-block-column is-layout-flow wp-block-column-is-layout-flow\">\n<p><strong>FABIO LUISI<\/strong>\u00a0lleva a cabo<br \/>\n<strong>CORO SINF\u00d3NICO DE DALLAS - ANTHONY BLAKE CLARK<\/strong>\u00a0director del coro<br \/>\n<strong>CORO SINF\u00d3NICO INFANTIL DE DALLAS - ELLIE LIN<\/strong>\u00a0director art\u00edstico<br \/>\n<strong>ARTES CORALES DE BALTIMORE<br \/>\nRACHEL WILLIS S\u00d8RENSEN<\/strong>\u00a0soprano<br \/>\n<strong>MEGHAN KASANDERS<\/strong>\u00a0soprano<\/p>\n<\/div>\n<div class=\"wp-block-column is-layout-flow wp-block-column-is-layout-flow\">\n<p><strong>DEANNA BREIWICK<\/strong>\u00a0soprano<br \/>\n<strong>OLEYSA PETROVA<\/strong>\u00a0mezzo-soprano<br \/>\n<strong>REN\u00c9E TATUM<\/strong>\u00a0mezzo-soprano<br \/>\n<strong>LIMMIE PULLIAM<\/strong>\u00a0tenor<br \/>\n<strong>LUKE SUTLIFF<\/strong>\u00a0bar\u00edtono<br \/>\n<strong>BRINDLEY SHERRATT<\/strong>\u00a0bajo<\/p>\n<\/div>\n<\/div>\n<p><strong>MAHLER\u00a0<\/strong>Sinfon\u00eda n\u00ba 8, \"Sinfon\u00eda de los mil\"<\/p>\n<hr \/>\n<p><a href=\"https:\/\/www.dallassymphony.org\/es\/productions\/mahlers-symphony-of-a-thousand\/\">Obtener detalles<\/a><\/p>\n\t\t<\/div>\n\t<\/div>\n<\/div>\t\t\t\t<\/div>\n\t\t\t<\/div>\n\t\t<\/div>\n\t<\/div>\n<\/div>\n<\/div>\n<\/div>\n\n\n\n<div class=\"wp-block-columns is-layout-flex wp-container-core-columns-is-layout-9d6595d7 wp-block-columns-is-layout-flex\">\n<div class=\"wp-block-column is-layout-flow wp-block-column-is-layout-flow\" style=\"flex-basis:33.33%\">\n<h1 class=\"wp-block-heading\" id=\"pops\">Ultimate Pops<\/h1>\n<\/div>\n\n\n\n<div class=\"wp-block-column is-layout-flow wp-block-column-is-layout-flow\" style=\"flex-basis:66.66%\"><div class=\"dso__accordion m-spacer\">\n    <div class=\"container\">\n        <div class=\"row\">\n            <div class=\"col-lg-12\">\n                <div class=\"accordion__intro-wrapper\">\n                    <h1><\/h1>\n                    <p><\/p>\n                <\/div>\n            <\/div>\n        <\/div>\n\t\t<div class=\"row\">\n\t\t\t<div class=\"col-md-10 offset-md-1\">\n\t\t\t\t<div class=\"accordion\" id=\"accordion-d41d8cd98f00b204e9800998ecf8427e\">\n\t\t\t\t\t<div class=\"card\">\n\t<button id=\"heading8eed3c87061e57e5c71a911d6e322288\" class=\"dso__accordion-toggle\" type=\"button\" data-toggle=\"collapse\" data-target=\"#collapse8eed3c87061e57e5c71a911d6e322288\" aria-expanded=\"false\" aria-controls=\"collapse8eed3c87061e57e5c71a911d6e322288\">\n\t\tTroupe Vertigo: Cirque Noir | 26 - 28 Sep.\t\t<span class=\"plus-sign\">\n            <svg xmlns=\"http:\/\/www.w3.org\/2000\/svg\" width=\"25\" height=\"25\" viewbox=\"0 0 25 25\">\n                <g transform=\"translate(211.054 -145.186) rotate(135)\"><rect width=\"25\" height=\"3\" transform=\"translate(242.001 36.678) rotate(-45)\"\/><rect width=\"25\" height=\"3\" transform=\"translate(244.12 19) rotate(45)\"\/><\/g>\n            <\/svg>\n        <\/span>\n\t<\/button>\n\n\t<div id=\"collapse8eed3c87061e57e5c71a911d6e322288\" class=\"collapse\" aria-labelledby=\"heading8eed3c87061e57e5c71a911d6e322288\" data-parent=\"#accordion-d41d8cd98f00b204e9800998ecf8427e\">\n\t\t<div class=\"card-body\">\n\t\t\t<p><strong>JEFF TYZIK<\/strong>\u00a0lleva a cabo<br \/>\n<strong>TROUPE VERTIGO<\/strong><\/p>\n<p>Como transportados a un universo alternativo, los artistas de Troupe Vertigo desafiar\u00e1n la gravedad y lanzar\u00e1n su hechizo en su espect\u00e1culo \"Cirque Noir\". Se trata de un seductor circo inspirado en el cine negro, lleno de emoci\u00f3n y escalofr\u00edos, ambientado con una partitura nocturna de jazz, interpretada por la DSO y compuesta por Jeff Tyzik, Director Principal de Pops. Disfrute de una iluminaci\u00f3n atmosf\u00e9rica, impresionantes efectos visuales y coreograf\u00edas ejecutadas por acr\u00f3batas a\u00e9reos, bailarines y contorsionistas. Esta representaci\u00f3n le entretendr\u00e1 con haza\u00f1as fascinantes que le dejar\u00e1n sin palabras.<\/p>\n<hr \/>\n<p><a href=\"https:\/\/www.dallassymphony.org\/es\/productions\/troupe-vertigo-cirque-noir\/\">Compra de entradas<\/a><\/p>\n\t\t<\/div>\n\t<\/div>\n<\/div><div class=\"card\">\n\t<button id=\"heading3e9aa59fc914ff3f585afaa5171b4d93\" class=\"dso__accordion-toggle\" type=\"button\" data-toggle=\"collapse\" data-target=\"#collapse3e9aa59fc914ff3f585afaa5171b4d93\" aria-expanded=\"false\" aria-controls=\"collapse3e9aa59fc914ff3f585afaa5171b4d93\">\n\t\tHilos de Dolly Parton: Mis canciones en sinfon\u00eda | 24 - 26 de octubre\t\t<span class=\"plus-sign\">\n            <svg xmlns=\"http:\/\/www.w3.org\/2000\/svg\" width=\"25\" height=\"25\" viewbox=\"0 0 25 25\">\n                <g transform=\"translate(211.054 -145.186) rotate(135)\"><rect width=\"25\" height=\"3\" transform=\"translate(242.001 36.678) rotate(-45)\"\/><rect width=\"25\" height=\"3\" transform=\"translate(244.12 19) rotate(45)\"\/><\/g>\n            <\/svg>\n        <\/span>\n\t<\/button>\n\n\t<div id=\"collapse3e9aa59fc914ff3f585afaa5171b4d93\" class=\"collapse\" aria-labelledby=\"heading3e9aa59fc914ff3f585afaa5171b4d93\" data-parent=\"#accordion-d41d8cd98f00b204e9800998ecf8427e\">\n\t\t<div class=\"card-body\">\n\t\t\t<div class=\"wp-block-columns is-layout-flex wp-container-3 wp-block-columns-is-layout-flex\">\n<div class=\"wp-block-column is-layout-flow wp-block-column-is-layout-flow\">\n<p><strong>JASON SEBER<\/strong>\u00a0lleva a cabo<br \/>\n<strong>KATELYN DRYE<\/strong>\u00a0voz<br \/>\n<strong>HOLLIE HAMMEL<\/strong>\u00a0voz<br \/>\n<strong>BLAIR LAMB\u00a0<\/strong>voz<\/p>\n<\/div>\n<\/div>\n<p>Dolly Parton lleva su m\u00fasica a orquestas de todo el mundo.\u00a0<em>Hilos de Dolly Parton<\/em>:\u00a0<em>Mis canciones en sinfon\u00eda<\/em>es una innovative experiencia multimedia con Dolly en pantalla, que conduce al p\u00fablico en un viaje visual-musical por sus canciones, su vida y sus historias. Acompa\u00f1ado por vocalistas y m\u00fasicos invitados, el p\u00fablico escuchar\u00e1 nuevas e innovadoras orquestaciones de sus canciones de \u00e9xito, como \"Jolene\", \"Coat of Many Colors\" y \"I Will Always Love You\", adem\u00e1s de sus favoritas personales y \"If You Hadn't Been There\" de su pr\u00f3ximo musical de Broadway. Coproducido por Dolly Parton junto con Schirmer Theatrical y Sony Music Publishing.<\/p>\n<h6 id=\"h-please-note-this-concert-will-feature-the-music-of-drake-performed-by-the-dallas-symphony-orchestra-the-artist-drake-will-not-be-in-attendance\" class=\"wp-block-heading\"><em>Nota: Este concierto contar\u00e1 con la m\u00fasica de Dolly Parton interpretada por la Orquesta Sinf\u00f3nica de Dallas. La artista Dolly Parton no estar\u00e1 presente.<\/em><\/h6>\n<hr \/>\n<p><a href=\"https:\/\/www.dallassymphony.org\/es\/productions\/dolly-partons-threads-my-songs-in-symphony\/\">Compra de entradas<\/a><\/p>\n\t\t<\/div>\n\t<\/div>\n<\/div><div class=\"card\">\n\t<button id=\"headingab67a4da47cc18de9ff652faa6e0b35f\" class=\"dso__accordion-toggle\" type=\"button\" data-toggle=\"collapse\" data-target=\"#collapseab67a4da47cc18de9ff652faa6e0b35f\" aria-expanded=\"false\" aria-controls=\"collapseab67a4da47cc18de9ff652faa6e0b35f\">\n\t\tLa Vida Loca | 30 de enero - 1 de febrero\t\t<span class=\"plus-sign\">\n            <svg xmlns=\"http:\/\/www.w3.org\/2000\/svg\" width=\"25\" height=\"25\" viewbox=\"0 0 25 25\">\n                <g transform=\"translate(211.054 -145.186) rotate(135)\"><rect width=\"25\" height=\"3\" transform=\"translate(242.001 36.678) rotate(-45)\"\/><rect width=\"25\" height=\"3\" transform=\"translate(244.12 19) rotate(45)\"\/><\/g>\n            <\/svg>\n        <\/span>\n\t<\/button>\n\n\t<div id=\"collapseab67a4da47cc18de9ff652faa6e0b35f\" class=\"collapse\" aria-labelledby=\"headingab67a4da47cc18de9ff652faa6e0b35f\" data-parent=\"#accordion-d41d8cd98f00b204e9800998ecf8427e\">\n\t\t<div class=\"card-body\">\n\t\t\t<p><strong>ENRICO LOPEZ-YA\u00d1EZ<\/strong>\u00a0lleva a cabo<br \/>\n<strong>JACKIE MENDEZ<\/strong>\u00a0voz<br \/>\n<strong>ENDER THOMAS<\/strong>\u00a0voz<br \/>\n<strong>JOS\u00c9 SEBAJA<\/strong>\u00a0trompeta<br \/>\n<strong>LUISITO QUINTERO<\/strong>\u00a0percusi\u00f3n<\/p>\n<p>P\u00f3ngase en pie y suba el volumen con los grandes \u00e9xitos de la explosi\u00f3n del pop latino de los 90 y los 80. La Vida Loca rinde homenaje a artistas como Enrique Iglesias, Gloria Estefan, Santana, Ricky Martin y muchos m\u00e1s. El director Enrico L\u00f3pez-Ya\u00f1ez, los vocalistas de renombre mundial Ender Thomas y Jackie M\u00e9ndez, y los ganadores de varios premios GRAMMY\u00ae Jos\u00e9 Sibaja a la trompeta y Luisito Quintero a la percusi\u00f3n se unen a la DSO para un programa de alto octanaje con arreglos sinf\u00f3nicos totalmente nuevos de L\u00f3pez-Ya\u00f1ez y Sibaja.<\/p>\n<hr \/>\n<p><a href=\"https:\/\/www.dallassymphony.org\/es\/productions\/la-vida-loca\/\">Compra de entradas<\/a><\/p>\n\t\t<\/div>\n\t<\/div>\n<\/div>\t\t\t\t<\/div>\n\t\t\t<\/div>\n\t\t<\/div>\n\t<\/div>\n<\/div>\n<\/div>\n<\/div>\n\n\n\t\t\t<\/div>\n\t\t<\/div>\n\t<\/div>\n\n<\/div>","protected":false},"excerpt":{"rendered":"<p>Desde piano cl\u00e1sico hasta estrenos mundiales y pel\u00edculas, navegue por los g\u00e9neros de conciertos m\u00e1s populares para ver qu\u00e9 interpretar\u00e1 la DSO esta temporada.<\/p>","protected":false},"author":38,"featured_media":0,"comment_status":"closed","ping_status":"open","sticky":false,"template":"","format":"standard","meta":{"_acf_changed":false,"footnotes":""},"categories":[1],"tags":[],"class_list":["post-27198","post","type-post","status-publish","format-standard","hentry","category-uncategorized"],"acf":[],"_links":{"self":[{"href":"https:\/\/www.dallassymphony.org\/es\/wp-json\/wp\/v2\/posts\/27198","targetHints":{"allow":["GET"]}}],"collection":[{"href":"https:\/\/www.dallassymphony.org\/es\/wp-json\/wp\/v2\/posts"}],"about":[{"href":"https:\/\/www.dallassymphony.org\/es\/wp-json\/wp\/v2\/types\/post"}],"author":[{"embeddable":true,"href":"https:\/\/www.dallassymphony.org\/es\/wp-json\/wp\/v2\/users\/38"}],"replies":[{"embeddable":true,"href":"https:\/\/www.dallassymphony.org\/es\/wp-json\/wp\/v2\/comments?post=27198"}],"version-history":[{"count":0,"href":"https:\/\/www.dallassymphony.org\/es\/wp-json\/wp\/v2\/posts\/27198\/revisions"}],"wp:attachment":[{"href":"https:\/\/www.dallassymphony.org\/es\/wp-json\/wp\/v2\/media?parent=27198"}],"wp:term":[{"taxonomy":"category","embeddable":true,"href":"https:\/\/www.dallassymphony.org\/es\/wp-json\/wp\/v2\/categories?post=27198"},{"taxonomy":"post_tag","embeddable":true,"href":"https:\/\/www.dallassymphony.org\/es\/wp-json\/wp\/v2\/tags?post=27198"}],"curies":[{"name":"wp","href":"https:\/\/api.w.org\/{rel}","templated":true}]}}