{"id":23977,"date":"2025-01-31T16:46:28","date_gmt":"2025-01-31T22:46:28","guid":{"rendered":"https:\/\/www.dallassymphony.org\/?p=23977"},"modified":"2025-02-24T11:40:16","modified_gmt":"2025-02-24T17:40:16","slug":"black-history-month-2025","status":"publish","type":"post","link":"https:\/\/www.dallassymphony.org\/es\/black-history-month-2025\/","title":{"rendered":"Mes de la Historia Negra 2025"},"content":{"rendered":"<div class=\"hero__no-img bg-blue-8\">\n\t<div class=\"container\">\n\t\t<div class=\"row\">\n\t\t\t<div class=\"col-md-10\">\n\n\t\t\t\t<ul class=\"breadcrumbs\">\n    \t<li class=\"breadcrumb__link\">\n\t\t<a class=\"a-hover\" href=\"https:\/\/www.dallassymphony.org\/es\/\">Inicio<\/a>\n\t<\/li>\n    \t<li class=\"breadcrumb__link a-styles\">\n\t\t<a class=\"a-hover\" href=\"https:\/\/www.dallassymphony.org\/es\/?page_id=618\">Descubrir y conectar<\/a>\n\t<\/li>\n    \t<li class=\"breadcrumb__link a-styles\">\n\t\t<a class=\"a-hover\" href=\"https:\/\/www.dallassymphony.org\/es\/?page_id=619\">DSO Media Vault<\/a>\n\t<\/li>\n    <\/ul>\n\n                \t\t\t\t<h1>\n                    <span style=\"position:absolute; left:-9999999px\">Mes de la Historia Negra 2025<\/span>\n                <\/h1>\n                \t\t\t<\/div>\n\t\t<\/div>\n\t<\/div>\n<\/div>\n\n\n\n<div style=\"height:25px\" aria-hidden=\"true\" class=\"wp-block-spacer\"><\/div>\n\n\n\n<div class=\"wp-block-columns is-layout-flex wp-container-core-columns-is-layout-9d6595d7 wp-block-columns-is-layout-flex\">\n<div class=\"wp-block-column is-layout-flow wp-block-column-is-layout-flow\"><div class=\"wp-block-image\">\n<figure class=\"aligncenter size-large is-resized\"><img loading=\"lazy\" decoding=\"async\" width=\"1024\" height=\"295\" src=\"https:\/\/www.dallassymphony.org\/wp-content\/uploads\/2025\/01\/Blackhistorymonth_Web-Banner_v011-22_1536x442-1024x295.jpg\" alt=\"\" class=\"wp-image-23980\" style=\"width:1140px\" srcset=\"https:\/\/www.dallassymphony.org\/wp-content\/uploads\/2025\/01\/Blackhistorymonth_Web-Banner_v011-22_1536x442-1024x295.jpg 1024w, https:\/\/www.dallassymphony.org\/wp-content\/uploads\/2025\/01\/Blackhistorymonth_Web-Banner_v011-22_1536x442-300x87.jpg 300w, https:\/\/www.dallassymphony.org\/wp-content\/uploads\/2025\/01\/Blackhistorymonth_Web-Banner_v011-22_1536x442-768x222.jpg 768w, https:\/\/www.dallassymphony.org\/wp-content\/uploads\/2025\/01\/Blackhistorymonth_Web-Banner_v011-22_1536x442-1536x443.jpg 1536w, https:\/\/www.dallassymphony.org\/wp-content\/uploads\/2025\/01\/Blackhistorymonth_Web-Banner_v011-22_1536x442-2048x591.jpg 2048w, https:\/\/www.dallassymphony.org\/wp-content\/uploads\/2025\/01\/Blackhistorymonth_Web-Banner_v011-22_1536x442-18x5.jpg 18w\" sizes=\"auto, (max-width: 1024px) 100vw, 1024px\" \/><\/figure>\n<\/div><\/div>\n<\/div>\n\n\n<div class=\"richtext m-spacer\">\n\t<div class=\"container\">\n\t\t<div class=\"row\">\n\t\t\t<div class=\"col-10\">\n\t\t\t\t\n\n<p>Febrero es el Mes de la Historia Negra, un mes de reconocimiento y homenaje a las contribuciones de generaciones de afroamericanos que han desempe\u00f1ado un papel fundamental en la historia de Estados Unidos. Carter G. Woodson, c\u00e9lebre historiador y antiguo alumno de Harvard, es conocido como el \"Padre de la Historia Negra\" y se le considera el fundador del Mes de la Historia Negra, tambi\u00e9n conocido como Mes de la Historia Afroamericana. El tema del Mes de la Historia Negra 2025 es \"Los afroamericanos y el trabajo\", centrado en las diversas y profundas formas en que el trabajo de todo tipo se cruza con las experiencias colectivas de los negros. A lo largo de este mes, aprovechemos la oportunidad para honrar el inestimable impacto de los negros en nuestro pa\u00eds, tanto en el pasado como en el presente.<\/p>\n\n\n\n<p>\u00danase a la celebraci\u00f3n del Mes de la Historia Negra de la DSO y aumente su conciencia cultural aprendiendo m\u00e1s sobre la historia, el patrimonio, la cultura y la m\u00fasica de los negros:<\/p>\n\n\n\n<ul class=\"wp-block-list\">\n<li><strong>Encuentre <\/strong>M\u00e1s informaci\u00f3n sobre el Mes de la Historia Negra y el tema de 2025 <a href=\"https:\/\/asalh.org\/black-history-themes\/\" target=\"_blank\" rel=\"noopener\">aqu\u00ed<\/a>.<\/li>\n\n\n\n<li><strong>Explore <\/strong>la p\u00e1gina del Smithsonian dedicada al Mes de la Historia Negra para consultar art\u00edculos, exposiciones y podcasts sobre la historia, el arte y la cultura de la raza negra <a href=\"https:\/\/www.si.edu\/events\/black-history-month\" target=\"_blank\" rel=\"noopener\">aqu\u00ed<\/a>.<\/li>\n\n\n\n<li><strong>Descubra <\/strong>formas de celebrar el Mes de la Historia Negra en DFW <a href=\"https:\/\/www.keranews.org\/arts-culture\/2025-01-16\/celebrate-black-history-month-in-north-texas-with-events-like-the-african-american-read-in\" target=\"_blank\" rel=\"noopener\">aqu\u00ed<\/a>.<\/li>\n\n\n\n<li><strong>Vea <\/strong>este inspirador v\u00eddeo sobre Sphinx, una organizaci\u00f3n de justicia social dedicada a transformar vidas mediante el poder de la diversidad en las artes:<\/li>\n<\/ul>\n\n\n<div class=\"video m-spacer fixed-width\">\n    <div class=\"container\">\n        <div class=\"row\">\n            <div class=\"col-lg-12\">\n                <div class=\"video__text-wrapper\">\n                    <h2>Sphinx Organization | Transformar vidas mediante el poder de las artes<\/h2>\n                                    <\/div>\n            <\/div>\n        <\/div>\n    <\/div>\n\n\n    <div class=\"container\">\n        <div class=\"row\">\n            <div class=\"col-lg-12\">\n                <div class=\"iframe-container\">\n                    <div class=\"video-overlay\">\n                        <button class=\"play-video\" data-trigger=\"video-62748efcb7a1c9373ee5f6c7328aa0f2\">\n                            <svg xmlns=\"http:\/\/www.w3.org\/2000\/svg\" viewbox=\"0 0 23.967 23.967\">\n                                <defs>\n                                    <style>\n                                        .a {\n                                            fill: none;\n                                        }\n                                        .b {\n                                            fill: #10bff1;\n                                        }\n                                    <\/style>\n                                <\/defs>\n                                <path class=\"a\" d=\"M0,0H23.967V23.967H0Z\"\/>\n                                <path class=\"b\" d=\"M9.987,16.476l5.99-4.493L9.987,7.491ZM11.983,2a9.983,9.983,0,1,0,9.983,9.983A9.987,9.987,0,0,0,11.983,2Zm0,17.97a7.987,7.987,0,1,1,7.987-7.987A8,8,0,0,1,11.983,19.97Z\"\/>\n\n                                <g class=\"test-me\">\n                                    <path class=\"a\" d=\"M0,0H23.967V23.967H0Z\"\/>\n                                    <path class=\"b\" d=\"M9.987,16.476l5.99-4.493L9.987,7.491ZM11.983,2a9.983,9.983,0,1,0,9.983,9.983A9.987,9.987,0,0,0,11.983,2Zm0,17.97a7.987,7.987,0,1,1,7.987-7.987A8,8,0,0,1,11.983,19.97Z\"\/>\n                                <\/g>\n                            <\/svg>\n                        <\/button>\n\n                    <\/div>\n\n                    <iframe mozallowfullscreen webkitallowfullscreen allowfullscreen class=\"responsive-iframe\" data-target=\"video-62748efcb7a1c9373ee5f6c7328aa0f2\" src=\"https:\/\/www.youtube.com\/embed\/\/SEHkHd8uGuk?si?mute=1&#038;loop=1\"><\/iframe>\n                <\/div>\n            <\/div>\n        <\/div>\n    <\/div>\n\n    <div class=\"container\">\n        <div class=\"row\">\n            <div class=\"col-lg-12 d-flex flex-column justify-content-end\">\n                <div class=\"d-flex justify-content-end video-optional-link\">\n                    <a class=\"ml-auto\" href=\"https:\/\/www.dallassymphony.org\/es\/discover-connect\/dso-media-vault\/view\/\">\n                        <span class=\"a-styles a-hover\">NAVEGAR TODOS LOS VIDEOS<\/span>\n                    <\/a>\n                <\/div>\n                            <\/div>\n        <\/div>\n    <\/div>\n\n    <div class=\"left-grad\"><\/div>\n    <div class=\"right-grad\"><\/div>\n<\/div>\n\n\n\n<ul class=\"wp-block-list\">\n<li><strong>Consulte <\/strong>Lista de Classic FM de los 25 m\u00fasicos negros que han marcado el mundo de la m\u00fasica cl\u00e1sica <a href=\"https:\/\/www.classicfm.com\/discover-music\/black-musicians-pioneering-classical-music\/\" target=\"_blank\" rel=\"noopener\">aqu\u00ed<\/a>.<\/li>\n\n\n\n<li><strong>Ver <\/strong>el v\u00eddeo informativo e inspirador Black Classical Music: La historia olvidada:<\/li>\n<\/ul>\n\n\n\t\t\t<\/div>\n\t\t<\/div>\n\t<\/div>\n\n<\/div>\n\n\n<div class=\"video m-spacer fixed-width\">\n    <div class=\"container\">\n        <div class=\"row\">\n            <div class=\"col-lg-12\">\n                <div class=\"video__text-wrapper\">\n                    <h2>BBC Black Classical Music La historia olvidada<\/h2>\n                                    <\/div>\n            <\/div>\n        <\/div>\n    <\/div>\n\n\n    <div class=\"container\">\n        <div class=\"row\">\n            <div class=\"col-lg-12\">\n                <div class=\"iframe-container\">\n                    <div class=\"video-overlay\">\n                        <button class=\"play-video\" data-trigger=\"video-29c2336993cc7a7416f5d5b7837c2c44\">\n                            <svg xmlns=\"http:\/\/www.w3.org\/2000\/svg\" viewbox=\"0 0 23.967 23.967\">\n                                <defs>\n                                    <style>\n                                        .a {\n                                            fill: none;\n                                        }\n                                        .b {\n                                            fill: #10bff1;\n                                        }\n                                    <\/style>\n                                <\/defs>\n                                <path class=\"a\" d=\"M0,0H23.967V23.967H0Z\"\/>\n                                <path class=\"b\" d=\"M9.987,16.476l5.99-4.493L9.987,7.491ZM11.983,2a9.983,9.983,0,1,0,9.983,9.983A9.987,9.987,0,0,0,11.983,2Zm0,17.97a7.987,7.987,0,1,1,7.987-7.987A8,8,0,0,1,11.983,19.97Z\"\/>\n\n                                <g class=\"test-me\">\n                                    <path class=\"a\" d=\"M0,0H23.967V23.967H0Z\"\/>\n                                    <path class=\"b\" d=\"M9.987,16.476l5.99-4.493L9.987,7.491ZM11.983,2a9.983,9.983,0,1,0,9.983,9.983A9.987,9.987,0,0,0,11.983,2Zm0,17.97a7.987,7.987,0,1,1,7.987-7.987A8,8,0,0,1,11.983,19.97Z\"\/>\n                                <\/g>\n                            <\/svg>\n                        <\/button>\n\n                    <\/div>\n\n                    <iframe mozallowfullscreen webkitallowfullscreen allowfullscreen class=\"responsive-iframe\" data-target=\"video-29c2336993cc7a7416f5d5b7837c2c44\" src=\"https:\/\/www.youtube.com\/embed\/\/WK8L9SnRG9o?si?mute=1&#038;loop=1\"><\/iframe>\n                <\/div>\n            <\/div>\n        <\/div>\n    <\/div>\n\n    <div class=\"container\">\n        <div class=\"row\">\n            <div class=\"col-lg-12 d-flex flex-column justify-content-end\">\n                <div class=\"d-flex justify-content-end video-optional-link\">\n                    <a class=\"ml-auto\" href=\"https:\/\/www.dallassymphony.org\/es\/discover-connect\/dso-media-vault\/view\/\">\n                        <span class=\"a-styles a-hover\">NAVEGAR TODOS LOS VIDEOS<\/span>\n                    <\/a>\n                <\/div>\n                            <\/div>\n        <\/div>\n    <\/div>\n\n    <div class=\"left-grad\"><\/div>\n    <div class=\"right-grad\"><\/div>\n<\/div>\n\n\n<div class=\"richtext m-spacer\">\n\t<div class=\"container\">\n\t\t<div class=\"row\">\n\t\t\t<div class=\"col-10\">\n\t\t\t\t\n\n<h1 class=\"wp-block-heading\">Reflexiones de la DSO sobre el Mes de la Historia Negra<\/h1>\n\n\n<div class=\"video m-spacer fixed-width\">\n    <div class=\"container\">\n        <div class=\"row\">\n            <div class=\"col-lg-12\">\n                <div class=\"video__text-wrapper\">\n                    <h2>Entrevista con Rasa Sisters<\/h2>\n                                    <\/div>\n            <\/div>\n        <\/div>\n    <\/div>\n\n\n    <div class=\"container\">\n        <div class=\"row\">\n            <div class=\"col-lg-12\">\n                <div class=\"iframe-container\">\n                    <div class=\"video-overlay\">\n                        <button class=\"play-video\" data-trigger=\"video-620b1bb03234cf0efdd999a04758b670\">\n                            <svg xmlns=\"http:\/\/www.w3.org\/2000\/svg\" viewbox=\"0 0 23.967 23.967\">\n                                <defs>\n                                    <style>\n                                        .a {\n                                            fill: none;\n                                        }\n                                        .b {\n                                            fill: #10bff1;\n                                        }\n                                    <\/style>\n                                <\/defs>\n                                <path class=\"a\" d=\"M0,0H23.967V23.967H0Z\"\/>\n                                <path class=\"b\" d=\"M9.987,16.476l5.99-4.493L9.987,7.491ZM11.983,2a9.983,9.983,0,1,0,9.983,9.983A9.987,9.987,0,0,0,11.983,2Zm0,17.97a7.987,7.987,0,1,1,7.987-7.987A8,8,0,0,1,11.983,19.97Z\"\/>\n\n                                <g class=\"test-me\">\n                                    <path class=\"a\" d=\"M0,0H23.967V23.967H0Z\"\/>\n                                    <path class=\"b\" d=\"M9.987,16.476l5.99-4.493L9.987,7.491ZM11.983,2a9.983,9.983,0,1,0,9.983,9.983A9.987,9.987,0,0,0,11.983,2Zm0,17.97a7.987,7.987,0,1,1,7.987-7.987A8,8,0,0,1,11.983,19.97Z\"\/>\n                                <\/g>\n                            <\/svg>\n                        <\/button>\n\n                    <\/div>\n\n                    <iframe mozallowfullscreen webkitallowfullscreen allowfullscreen class=\"responsive-iframe\" data-target=\"video-620b1bb03234cf0efdd999a04758b670\" src=\"https:\/\/player.vimeo.com\/video\/1056953186?mute=1&#038;loop=1\"><\/iframe>\n                <\/div>\n            <\/div>\n        <\/div>\n    <\/div>\n\n    <div class=\"container\">\n        <div class=\"row\">\n            <div class=\"col-lg-12 d-flex flex-column justify-content-end\">\n                <div class=\"d-flex justify-content-end video-optional-link\">\n                    <a class=\"ml-auto\" href=\"https:\/\/www.dallassymphony.org\/es\/discover-connect\/dso-media-vault\/view\/\">\n                        <span class=\"a-styles a-hover\">NAVEGAR TODOS LOS VIDEOS<\/span>\n                    <\/a>\n                <\/div>\n                            <\/div>\n        <\/div>\n    <\/div>\n\n    <div class=\"left-grad\"><\/div>\n    <div class=\"right-grad\"><\/div>\n<\/div>\n\n\n<div class=\"video m-spacer fixed-width\">\n    <div class=\"container\">\n        <div class=\"row\">\n            <div class=\"col-lg-12\">\n                <div class=\"video__text-wrapper\">\n                    <h2>Entrevista con Andre Gustus<\/h2>\n                                    <\/div>\n            <\/div>\n        <\/div>\n    <\/div>\n\n\n    <div class=\"container\">\n        <div class=\"row\">\n            <div class=\"col-lg-12\">\n                <div class=\"iframe-container\">\n                    <div class=\"video-overlay\">\n                        <button class=\"play-video\" data-trigger=\"video-d3f7fe013c61e2b5007398b179a49609\">\n                            <svg xmlns=\"http:\/\/www.w3.org\/2000\/svg\" viewbox=\"0 0 23.967 23.967\">\n                                <defs>\n                                    <style>\n                                        .a {\n                                            fill: none;\n                                        }\n                                        .b {\n                                            fill: #10bff1;\n                                        }\n                                    <\/style>\n                                <\/defs>\n                                <path class=\"a\" d=\"M0,0H23.967V23.967H0Z\"\/>\n                                <path class=\"b\" d=\"M9.987,16.476l5.99-4.493L9.987,7.491ZM11.983,2a9.983,9.983,0,1,0,9.983,9.983A9.987,9.987,0,0,0,11.983,2Zm0,17.97a7.987,7.987,0,1,1,7.987-7.987A8,8,0,0,1,11.983,19.97Z\"\/>\n\n                                <g class=\"test-me\">\n                                    <path class=\"a\" d=\"M0,0H23.967V23.967H0Z\"\/>\n                                    <path class=\"b\" d=\"M9.987,16.476l5.99-4.493L9.987,7.491ZM11.983,2a9.983,9.983,0,1,0,9.983,9.983A9.987,9.987,0,0,0,11.983,2Zm0,17.97a7.987,7.987,0,1,1,7.987-7.987A8,8,0,0,1,11.983,19.97Z\"\/>\n                                <\/g>\n                            <\/svg>\n                        <\/button>\n\n                    <\/div>\n\n                    <iframe mozallowfullscreen webkitallowfullscreen allowfullscreen class=\"responsive-iframe\" data-target=\"video-d3f7fe013c61e2b5007398b179a49609\" src=\"https:\/\/player.vimeo.com\/video\/1055751755?mute=1&#038;loop=1\"><\/iframe>\n                <\/div>\n            <\/div>\n        <\/div>\n    <\/div>\n\n    <div class=\"container\">\n        <div class=\"row\">\n            <div class=\"col-lg-12 d-flex flex-column justify-content-end\">\n                <div class=\"d-flex justify-content-end video-optional-link\">\n                    <a class=\"ml-auto\" href=\"https:\/\/www.dallassymphony.org\/es\/discover-connect\/dso-media-vault\/view\/\">\n                        <span class=\"a-styles a-hover\">NAVEGAR TODOS LOS VIDEOS<\/span>\n                    <\/a>\n                <\/div>\n                            <\/div>\n        <\/div>\n    <\/div>\n\n    <div class=\"left-grad\"><\/div>\n    <div class=\"right-grad\"><\/div>\n<\/div>\n\n\n\t\t\t<\/div>\n\t\t<\/div>\n\t<\/div>\n\n<\/div>\n\n\n<div class=\"richtext m-spacer\">\n\t<div class=\"container\">\n\t\t<div class=\"row\">\n\t\t\t<div class=\"col-10\">\n\t\t\t\t\n\n<h1 class=\"wp-block-heading\">Lista de reproducci\u00f3n del Grupo Comunitario Mosaico<\/h1>\n\n\n\n<div class=\"wp-block-columns is-layout-flex wp-container-core-columns-is-layout-9d6595d7 wp-block-columns-is-layout-flex\">\n<div class=\"wp-block-column is-layout-flow wp-block-column-is-layout-flow\" style=\"flex-basis:33.33%\">\n<figure class=\"wp-block-image size-full\"><img loading=\"lazy\" decoding=\"async\" width=\"354\" height=\"107\" src=\"https:\/\/www.dallassymphony.org\/wp-content\/uploads\/2023\/01\/MicrosoftTeams-image-4.png\" alt=\"\" class=\"wp-image-10621\" srcset=\"https:\/\/www.dallassymphony.org\/wp-content\/uploads\/2023\/01\/MicrosoftTeams-image-4.png 354w, https:\/\/www.dallassymphony.org\/wp-content\/uploads\/2023\/01\/MicrosoftTeams-image-4-300x91.png 300w, https:\/\/www.dallassymphony.org\/wp-content\/uploads\/2023\/01\/MicrosoftTeams-image-4-18x5.png 18w, https:\/\/www.dallassymphony.org\/wp-content\/uploads\/2023\/01\/MicrosoftTeams-image-4-350x107.png 350w\" sizes=\"auto, (max-width: 354px) 100vw, 354px\" \/><\/figure>\n<\/div>\n\n\n\n<div class=\"wp-block-column is-layout-flow wp-block-column-is-layout-flow\" style=\"flex-basis:66.66%\">\n<p>Curada por el Mosaic Community Group de la Dallas Symphony, disfrute de esta lista de reproducci\u00f3n que rinde homenaje a los compositores, m\u00fasicos y artistas negros de la m\u00fasica cl\u00e1sica y coral. El Mosaic Community Group est\u00e1 formado por miembros de la familia de la DSO de diversas razas, etnias, or\u00edgenes culturales y aliados dedicados a defender la diversidad dentro de la DSO.<\/p>\n<\/div>\n<\/div>\n\n\n\n<iframe style=\"border-radius:12px\" src=\"https:\/\/open.spotify.com\/embed\/playlist\/1ovVE4MyVl6ipOVLUumfei?utm_source=generator&#038;theme=0\" width=\"100%\" height=\"352\" frameborder=\"0\" allowfullscreen=\"\" allow=\"autoplay; clipboard-write; encrypted-media; fullscreen; picture-in-picture\" loading=\"lazy\"><\/iframe>\n\n\n\t\t\t<\/div>\n\t\t<\/div>\n\t<\/div>\n\n<\/div>\n\n\n\n<div style=\"height:40px\" aria-hidden=\"true\" class=\"wp-block-spacer\"><\/div>","protected":false},"excerpt":{"rendered":"<p>Febrero es el Mes de la Historia Negra, un mes de reconocimiento y homenaje a las contribuciones de generaciones de afroamericanos que han desempe\u00f1ado un papel fundamental en la historia de Estados Unidos. Carter G. Woodson, c\u00e9lebre historiador y antiguo alumno de Harvard, es conocido como el \"Padre de la Historia Negra\" y se le considera el fundador del Mes de la Historia Negra, tambi\u00e9n conocido como Mes de la Historia Afroamericana. <\/p>","protected":false},"author":16,"featured_media":24162,"comment_status":"closed","ping_status":"open","sticky":false,"template":"","format":"standard","meta":{"_acf_changed":false,"footnotes":""},"categories":[1],"tags":[],"class_list":["post-23977","post","type-post","status-publish","format-standard","has-post-thumbnail","hentry","category-uncategorized"],"acf":[],"_links":{"self":[{"href":"https:\/\/www.dallassymphony.org\/es\/wp-json\/wp\/v2\/posts\/23977","targetHints":{"allow":["GET"]}}],"collection":[{"href":"https:\/\/www.dallassymphony.org\/es\/wp-json\/wp\/v2\/posts"}],"about":[{"href":"https:\/\/www.dallassymphony.org\/es\/wp-json\/wp\/v2\/types\/post"}],"author":[{"embeddable":true,"href":"https:\/\/www.dallassymphony.org\/es\/wp-json\/wp\/v2\/users\/16"}],"replies":[{"embeddable":true,"href":"https:\/\/www.dallassymphony.org\/es\/wp-json\/wp\/v2\/comments?post=23977"}],"version-history":[{"count":0,"href":"https:\/\/www.dallassymphony.org\/es\/wp-json\/wp\/v2\/posts\/23977\/revisions"}],"wp:featuredmedia":[{"embeddable":true,"href":"https:\/\/www.dallassymphony.org\/es\/wp-json\/wp\/v2\/media\/24162"}],"wp:attachment":[{"href":"https:\/\/www.dallassymphony.org\/es\/wp-json\/wp\/v2\/media?parent=23977"}],"wp:term":[{"taxonomy":"category","embeddable":true,"href":"https:\/\/www.dallassymphony.org\/es\/wp-json\/wp\/v2\/categories?post=23977"},{"taxonomy":"post_tag","embeddable":true,"href":"https:\/\/www.dallassymphony.org\/es\/wp-json\/wp\/v2\/tags?post=23977"}],"curies":[{"name":"wp","href":"https:\/\/api.w.org\/{rel}","templated":true}]}}