{"id":14645,"date":"2023-10-02T09:36:46","date_gmt":"2023-10-02T14:36:46","guid":{"rendered":"https:\/\/www.dallassymphony.org\/?p=14645"},"modified":"2025-10-23T12:21:42","modified_gmt":"2025-10-23T17:21:42","slug":"national-disability-employment-awareness-month-2023","status":"publish","type":"post","link":"https:\/\/www.dallassymphony.org\/es\/national-disability-employment-awareness-month-2023\/","title":{"rendered":"Mes nacional de sensibilizaci\u00f3n sobre el empleo de las personas con discapacidad 2023"},"content":{"rendered":"<div class=\"hero__no-img bg-blue-8\">\n\t<div class=\"container\">\n\t\t<div class=\"row\">\n\t\t\t<div class=\"col-md-10\">\n\n\t\t\t\t<ul class=\"breadcrumbs\">\n    \t<li class=\"breadcrumb__link\">\n\t\t<a class=\"a-hover\" href=\"https:\/\/www.dallassymphony.org\/es\/\">Inicio<\/a>\n\t<\/li>\n    \t<li class=\"breadcrumb__link a-styles\">\n\t\t<a class=\"a-hover\" href=\"https:\/\/www.dallassymphony.org\/es\/?page_id=618\">Descubrir y conectar<\/a>\n\t<\/li>\n    \t<li class=\"breadcrumb__link a-styles\">\n\t\t<a class=\"a-hover\" href=\"https:\/\/www.dallassymphony.org\/es\/?page_id=619\">DSO Media Vault<\/a>\n\t<\/li>\n    <\/ul>\n\n                \t\t\t\t<h1>\n                    <span >Mes nacional de sensibilizaci\u00f3n sobre el empleo de las personas con discapacidad 2023<\/span>\n                <\/h1>\n                \t\t\t<\/div>\n\t\t<\/div>\n\t<\/div>\n<\/div>\n\n\n<div class=\"richtext m-spacer\">\n\t<div class=\"container\">\n\t\t<div class=\"row\">\n\t\t\t<div class=\"col-10\">\n\t\t\t\t\n\n<figure class=\"wp-block-image size-large\"><img loading=\"lazy\" decoding=\"async\" width=\"1024\" height=\"576\" src=\"https:\/\/www.dallassymphony.org\/wp-content\/uploads\/2023\/09\/1-DSO-0101-National-Disability-Employment-Awareness-Month_Cover-background-1920x1080-1-1024x576.jpg\" alt=\"\" class=\"wp-image-14713\" srcset=\"https:\/\/www.dallassymphony.org\/wp-content\/uploads\/2023\/09\/1-DSO-0101-National-Disability-Employment-Awareness-Month_Cover-background-1920x1080-1-1024x576.jpg 1024w, https:\/\/www.dallassymphony.org\/wp-content\/uploads\/2023\/09\/1-DSO-0101-National-Disability-Employment-Awareness-Month_Cover-background-1920x1080-1-300x169.jpg 300w, https:\/\/www.dallassymphony.org\/wp-content\/uploads\/2023\/09\/1-DSO-0101-National-Disability-Employment-Awareness-Month_Cover-background-1920x1080-1-768x432.jpg 768w, https:\/\/www.dallassymphony.org\/wp-content\/uploads\/2023\/09\/1-DSO-0101-National-Disability-Employment-Awareness-Month_Cover-background-1920x1080-1-1536x864.jpg 1536w, https:\/\/www.dallassymphony.org\/wp-content\/uploads\/2023\/09\/1-DSO-0101-National-Disability-Employment-Awareness-Month_Cover-background-1920x1080-1-2048x1152.jpg 2048w, https:\/\/www.dallassymphony.org\/wp-content\/uploads\/2023\/09\/1-DSO-0101-National-Disability-Employment-Awareness-Month_Cover-background-1920x1080-1-18x10.jpg 18w, https:\/\/www.dallassymphony.org\/wp-content\/uploads\/2023\/09\/1-DSO-0101-National-Disability-Employment-Awareness-Month_Cover-background-1920x1080-1-388x218.jpg 388w, https:\/\/www.dallassymphony.org\/wp-content\/uploads\/2023\/09\/1-DSO-0101-National-Disability-Employment-Awareness-Month_Cover-background-1920x1080-1-540x303.jpg 540w, https:\/\/www.dallassymphony.org\/wp-content\/uploads\/2023\/09\/1-DSO-0101-National-Disability-Employment-Awareness-Month_Cover-background-1920x1080-1-666x375.jpg 666w, https:\/\/www.dallassymphony.org\/wp-content\/uploads\/2023\/09\/1-DSO-0101-National-Disability-Employment-Awareness-Month_Cover-background-1920x1080-1-735x413.jpg 735w, https:\/\/www.dallassymphony.org\/wp-content\/uploads\/2023\/09\/1-DSO-0101-National-Disability-Employment-Awareness-Month_Cover-background-1920x1080-1-1600x900.jpg 1600w\" sizes=\"auto, (max-width: 1024px) 100vw, 1024px\" \/><\/figure>\n\n\n\n<p>El Mes Nacional de Concienciaci\u00f3n sobre el Empleo de las Personas con Discapacidad (NDEAM) se celebra cada mes de octubre para conmemorar las inestimables contribuciones de las personas con discapacidad a los lugares de trabajo y la econom\u00eda de nuestro pa\u00eds. El tema del NDEAM 2023 es \"Avanzar en el acceso y la equidad\" y refleja la importancia de garantizar que las personas con discapacidad tengan igualdad de oportunidades para prepararse y tener \u00e9xito en el empleo.<\/p>\n\n\n\n<p>Celebremos los numerosos logros de las personas con discapacidad en nuestras comunidades y fomentemos colectivamente una cultura equitativa, integradora y accesible para todos.<\/p>\n\n\n\n<p>Se anima a los empleados a aumentar su concienciaci\u00f3n cultural aprendiendo m\u00e1s sobre el Mes Nacional de Concienciaci\u00f3n sobre el Empleo de Discapacitados:<\/p>\n\n\n\n<ul class=\"wp-block-list\">\n<li>M\u00e1s informaci\u00f3n&nbsp;<a href=\"https:\/\/www.dol.gov\/agencies\/odep\/initiatives\/ndeam\" target=\"_blank\" rel=\"noreferrer noopener\">Mes nacional de sensibilizaci\u00f3n sobre el empleo de las personas con discapacidad<\/a>.&nbsp;<\/li>\n\n\n\n<li>M\u00e1s informaci\u00f3n&nbsp;<a href=\"https:\/\/www.aapd.com\/advocacy\/employment\/\" target=\"_blank\" rel=\"noreferrer noopener\">esfuerzos de defensa de la comunidad de discapacitados.<\/a>&nbsp;<\/li>\n\n\n\n<li>Descubra la extraordinaria labor que realizan los&nbsp;<a href=\"https:\/\/www.ntxdc.org\/\" target=\"_blank\" rel=\"noreferrer noopener\">C\u00e1mara de Discapacidad del Norte de Texas<\/a>.<\/li>\n\n\n\n<li>Explore&nbsp;<a href=\"https:\/\/www.abc.net.au\/classic\/read-and-watch\/music-reads\/composers-with-disability-from-history-and-today\/101724588\" target=\"_blank\" rel=\"noreferrer noopener\">compositores de m\u00fasica cl\u00e1sica con discapacidad de la historia y la actualidad.<\/a><\/li>\n\n\n\n<li>Experimenta esto&nbsp;<a href=\"https:\/\/disabilityarts.online\/magazine\/showcase\/playlist-disability-and-classical-music\/\" target=\"_blank\" rel=\"noreferrer noopener\">lista de reproducci\u00f3n en v\u00eddeo de algunos de los mejores talentos discapacitados del mundo cl\u00e1sico.<\/a><\/li>\n<\/ul>\n\n\n\n<p>Adem\u00e1s de lo anterior, me gustar\u00eda destacar algunas iniciatives que tendr\u00e1n lugar a lo largo de octubre y animarle a participar:<\/p>\n\n\n\n<ul class=\"wp-block-list\">\n<li>Disfruta de los Lunes de Mindfulness, una nueva iniciativa semanal de salud mentalative que pone en marcha nuestra Comunidad de Habilidad de la Sinf\u00f3nica de Dallas.<\/li>\n\n\n\n<li>No se pierda la pr\u00f3xima edici\u00f3n de la serie de conferenciantes Fermata de la DSO en Horchow el 6 de octubre, de 17:30 a 18:30, con el violinista, educador y defensor de la discapacidad Adrian Anantawan, apodado por la CNN como el \"violinista manco\". Ven a conocer su incre\u00edble historia de discapacidad y su actuaci\u00f3n. Amy Bishop, presentadora de mediod\u00eda de WRR Classical 101.1 FM, ser\u00e1 la moderadora.<strong>. <\/strong>Por favor, confirme su asistencia ahora en&nbsp;<a href=\"http:\/\/www.dallassymphony.org\/es\/fermata\/\" target=\"_blank\" rel=\"noreferrer noopener\">DallasSymphony.org\/Fermata<\/a>.<\/li>\n\n\n\n<li>Asista al Feel Good Dallas Wellness Fest, una colaboraci\u00f3n entre DSO y Sanctum Wellness, fundado por la Dra. Jessica Shepherd, miembro de la junta de DSO. Este evento tendr\u00e1 lugar el s\u00e1bado 21 de octubre, de 9:00 AM a 2:00 PM. Haga clic en el enlace para obtener m\u00e1s informaci\u00f3n y asegurar sus entradas ahora para este incre\u00edble evento en&nbsp;<a href=\"https:\/\/feelgoodaf.com\/\" target=\"_blank\" rel=\"noreferrer noopener\">Feel Good Dallas (feelgoodaf.com)<\/a>.&nbsp;<\/li>\n<\/ul>\n\n\n\t\t\t<\/div>\n\t\t<\/div>\n\t<\/div>\n\n<\/div>\n\n\n\n<hr class=\"wp-block-separator has-alpha-channel-opacity is-style-dots\" id=\"spotlights\"\/>\n\n\n<div class=\"richtext m-spacer\">\n\t<div class=\"container\">\n\t\t<div class=\"row\">\n\t\t\t<div class=\"col-10\">\n\t\t\t\t\n\n<h1 class=\"wp-block-heading\" id=\"-spotlight\">DSO Reflexiones sobre el Mes Nacional de Concienciaci\u00f3n sobre el Empleo de las Personas con Discapacidad<\/h1>\n\n\n\n<div class=\"wp-block-columns is-layout-flex wp-container-core-columns-is-layout-9d6595d7 wp-block-columns-is-layout-flex\">\n<div class=\"wp-block-column is-layout-flow wp-block-column-is-layout-flow\" style=\"flex-basis:33.33%\">\n<figure class=\"wp-block-image size-full\"><img loading=\"lazy\" decoding=\"async\" width=\"1024\" height=\"1024\" src=\"https:\/\/www.dallassymphony.org\/wp-content\/uploads\/2023\/09\/Melanie-Gilmore.png\" alt=\"\" class=\"wp-image-14788\" srcset=\"https:\/\/www.dallassymphony.org\/wp-content\/uploads\/2023\/09\/Melanie-Gilmore.png 1024w, https:\/\/www.dallassymphony.org\/wp-content\/uploads\/2023\/09\/Melanie-Gilmore-300x300.png 300w, https:\/\/www.dallassymphony.org\/wp-content\/uploads\/2023\/09\/Melanie-Gilmore-150x150.png 150w, https:\/\/www.dallassymphony.org\/wp-content\/uploads\/2023\/09\/Melanie-Gilmore-768x768.png 768w, https:\/\/www.dallassymphony.org\/wp-content\/uploads\/2023\/09\/Melanie-Gilmore-12x12.png 12w, https:\/\/www.dallassymphony.org\/wp-content\/uploads\/2023\/09\/Melanie-Gilmore-262x262.png 262w, https:\/\/www.dallassymphony.org\/wp-content\/uploads\/2023\/09\/Melanie-Gilmore-350x350.png 350w, https:\/\/www.dallassymphony.org\/wp-content\/uploads\/2023\/09\/Melanie-Gilmore-445x445.png 445w\" sizes=\"auto, (max-width: 1024px) 100vw, 1024px\" \/><\/figure>\n\n\n\n<h3 class=\"wp-block-heading\">Melanie Gilmore<\/h3>\n\n\n\n<p>Bibliotecario coral,<br>La Orquesta Sinf\u00f3nica de Dallas<\/p>\n<\/div>\n\n\n\n<div class=\"wp-block-column is-layout-flow wp-block-column-is-layout-flow\" style=\"flex-basis:66.66%\">\n<hr class=\"wp-block-separator has-alpha-channel-opacity\"\/>\n\n\n\n<p><strong>\u00bfPor qu\u00e9 es importante el Mes Nacional de Concienciaci\u00f3n sobre el Empleo de las Personas con Discapacidad?<\/strong><\/p>\n\n\n\n<hr class=\"wp-block-separator has-alpha-channel-opacity\"\/>\n\n\n\n<p>Algunas investigaciones estiman que m\u00e1s del 25% de los estadounidenses padecen alg\u00fan tipo de discapacidad. Las discapacidades son muy variadas y pueden afectar a cualquier persona en cualquier momento de su vida. Puede que la discapacidad exacta nunca sea evidente para los dem\u00e1s, o que conlleve un estigma. Es importante concienciar y aceptar a las personas con discapacidades f\u00edsicas y mentales y buscar formas de satisfacer las necesidades de sus retos.<\/p>\n<\/div>\n<\/div>\n\n\n\n<div class=\"wp-block-columns is-layout-flex wp-container-core-columns-is-layout-9d6595d7 wp-block-columns-is-layout-flex\">\n<div class=\"wp-block-column is-layout-flow wp-block-column-is-layout-flow\" style=\"flex-basis:33.33%\">\n<figure class=\"wp-block-image size-full\"><img loading=\"lazy\" decoding=\"async\" width=\"1024\" height=\"1024\" src=\"https:\/\/www.dallassymphony.org\/wp-content\/uploads\/2023\/09\/Sabrina-Siggers.png\" alt=\"\" class=\"wp-image-14786\" srcset=\"https:\/\/www.dallassymphony.org\/wp-content\/uploads\/2023\/09\/Sabrina-Siggers.png 1024w, https:\/\/www.dallassymphony.org\/wp-content\/uploads\/2023\/09\/Sabrina-Siggers-300x300.png 300w, https:\/\/www.dallassymphony.org\/wp-content\/uploads\/2023\/09\/Sabrina-Siggers-150x150.png 150w, https:\/\/www.dallassymphony.org\/wp-content\/uploads\/2023\/09\/Sabrina-Siggers-768x768.png 768w, https:\/\/www.dallassymphony.org\/wp-content\/uploads\/2023\/09\/Sabrina-Siggers-12x12.png 12w, https:\/\/www.dallassymphony.org\/wp-content\/uploads\/2023\/09\/Sabrina-Siggers-262x262.png 262w, https:\/\/www.dallassymphony.org\/wp-content\/uploads\/2023\/09\/Sabrina-Siggers-350x350.png 350w, https:\/\/www.dallassymphony.org\/wp-content\/uploads\/2023\/09\/Sabrina-Siggers-445x445.png 445w\" sizes=\"auto, (max-width: 1024px) 100vw, 1024px\" \/><\/figure>\n\n\n\n<h3 class=\"wp-block-heading\">Sabrina Siggers<\/h3>\n\n\n\n<p>Representante de ventas de gruposative, Orquesta Sinf\u00f3nica de Dallas<br>Copresidenta, Dallas Symphony Ability Community<\/p>\n<\/div>\n\n\n\n<div class=\"wp-block-column is-layout-flow wp-block-column-is-layout-flow\" style=\"flex-basis:66.66%\">\n<hr class=\"wp-block-separator has-alpha-channel-opacity\"\/>\n\n\n\n<p><strong>\u00bfPor qu\u00e9 le apasiona apoyar a la comunidad de discapacitados?<\/strong><\/p>\n\n\n\n<hr class=\"wp-block-separator has-alpha-channel-opacity\"\/>\n\n\n\n<p>Me apasiona apoyar a la comunidad de discapacitados porque creo en la igualdad y la inclusi\u00f3n para todos, y quiero contribuir a crear un mundo en el que todos, independientemente de sus capacidades, tengan la oportunidad de prosperar y ser valorados por sus contribuciones \u00fanicas.<\/p>\n<\/div>\n<\/div>\n\n\n\n<div class=\"wp-block-columns is-layout-flex wp-container-core-columns-is-layout-9d6595d7 wp-block-columns-is-layout-flex\">\n<div class=\"wp-block-column is-layout-flow wp-block-column-is-layout-flow\" style=\"flex-basis:33.33%\">\n<figure class=\"wp-block-image size-full\"><img loading=\"lazy\" decoding=\"async\" width=\"1024\" height=\"1024\" src=\"https:\/\/www.dallassymphony.org\/wp-content\/uploads\/2023\/09\/Quinn-Phillips.png\" alt=\"\" class=\"wp-image-14789\" srcset=\"https:\/\/www.dallassymphony.org\/wp-content\/uploads\/2023\/09\/Quinn-Phillips.png 1024w, https:\/\/www.dallassymphony.org\/wp-content\/uploads\/2023\/09\/Quinn-Phillips-300x300.png 300w, https:\/\/www.dallassymphony.org\/wp-content\/uploads\/2023\/09\/Quinn-Phillips-150x150.png 150w, https:\/\/www.dallassymphony.org\/wp-content\/uploads\/2023\/09\/Quinn-Phillips-768x768.png 768w, https:\/\/www.dallassymphony.org\/wp-content\/uploads\/2023\/09\/Quinn-Phillips-12x12.png 12w, https:\/\/www.dallassymphony.org\/wp-content\/uploads\/2023\/09\/Quinn-Phillips-262x262.png 262w, https:\/\/www.dallassymphony.org\/wp-content\/uploads\/2023\/09\/Quinn-Phillips-350x350.png 350w, https:\/\/www.dallassymphony.org\/wp-content\/uploads\/2023\/09\/Quinn-Phillips-445x445.png 445w\" sizes=\"auto, (max-width: 1024px) 100vw, 1024px\" \/><\/figure>\n\n\n\n<h3 class=\"wp-block-heading\">Quin Phillips<\/h3>\n\n\n\n<p>Asistente ejecutiva del Presidente y Director General,<br>La Orquesta Sinf\u00f3nica de Dallas<\/p>\n<\/div>\n\n\n\n<div class=\"wp-block-column is-layout-flow wp-block-column-is-layout-flow\" style=\"flex-basis:66.66%\">\n<hr class=\"wp-block-separator has-alpha-channel-opacity\"\/>\n\n\n\n<p><strong>\u00bfQui\u00e9n es un defensor de los discapacitados o una figura destacada, pasada o presente, que le inspire, y por qu\u00e9?<\/strong><\/p>\n\n\n\n<hr class=\"wp-block-separator has-alpha-channel-opacity\"\/>\n\n\n\n<p>Haben Girma me inspira porque no permiti\u00f3 que su \"discapacidad\" obstaculizara sus incre\u00edbles logros. Permiti\u00f3 que su brillantez brillara a trav\u00e9s de sus \"capacidades\".<br><br>Haben Girma, la primera persona sordociega licenciada por la Facultad de Derecho de Harvard, es una abogada de derechos humanos que promueve la justicia para las personas con discapacidad. Haben cree que la discapacidad es una oportunidad para la innovaci\u00f3n y ense\u00f1a a las organizaciones la importancia de optar por la inclusi\u00f3n.<br><br>El Presidente Obama la nombr\u00f3 Campeona del Cambio de la Casa Blanca. Recibi\u00f3 el premio Helen Keller Achievement Award, un puesto en la lista Forbes 30 Under 30 y las TIME100 Talks. El Presidente Bill Clinton, el Primer Ministro Justin Trudeau y la Canciller Angela Merkel han honrado a Haben.<br><br>The New York Times, Oprah Magazine y TODAY Show publicaron sus memorias, Haben: The Deafblind Woman Who Conquered Harvard Law.<\/p>\n<\/div>\n<\/div>\n\n\n\n<div class=\"wp-block-columns is-layout-flex wp-container-core-columns-is-layout-9d6595d7 wp-block-columns-is-layout-flex\">\n<div class=\"wp-block-column is-layout-flow wp-block-column-is-layout-flow\" style=\"flex-basis:33.33%\">\n<figure class=\"wp-block-image size-full\"><img loading=\"lazy\" decoding=\"async\" width=\"1024\" height=\"1024\" src=\"https:\/\/www.dallassymphony.org\/wp-content\/uploads\/2023\/09\/Liz-Akop.png\" alt=\"\" class=\"wp-image-14787\" srcset=\"https:\/\/www.dallassymphony.org\/wp-content\/uploads\/2023\/09\/Liz-Akop.png 1024w, https:\/\/www.dallassymphony.org\/wp-content\/uploads\/2023\/09\/Liz-Akop-300x300.png 300w, https:\/\/www.dallassymphony.org\/wp-content\/uploads\/2023\/09\/Liz-Akop-150x150.png 150w, https:\/\/www.dallassymphony.org\/wp-content\/uploads\/2023\/09\/Liz-Akop-768x768.png 768w, https:\/\/www.dallassymphony.org\/wp-content\/uploads\/2023\/09\/Liz-Akop-12x12.png 12w, https:\/\/www.dallassymphony.org\/wp-content\/uploads\/2023\/09\/Liz-Akop-262x262.png 262w, https:\/\/www.dallassymphony.org\/wp-content\/uploads\/2023\/09\/Liz-Akop-350x350.png 350w, https:\/\/www.dallassymphony.org\/wp-content\/uploads\/2023\/09\/Liz-Akop-445x445.png 445w\" sizes=\"auto, (max-width: 1024px) 100vw, 1024px\" \/><\/figure>\n\n\n\n<h3 class=\"wp-block-heading\">Liz Akop<\/h3>\n\n\n\n<p>Representante de ventas para gruposative, Orquesta Sinf\u00f3nica Dalla<br>Copresidenta, Dallas Symphony Ability Community<\/p>\n<\/div>\n\n\n\n<div class=\"wp-block-column is-layout-flow wp-block-column-is-layout-flow\" style=\"flex-basis:66.66%\">\n<hr class=\"wp-block-separator has-alpha-channel-opacity\"\/>\n\n\n\n<p><strong>\u00bfPor qu\u00e9 le apasiona apoyar a la comunidad de discapacitados?<\/strong><\/p>\n\n\n\n<hr class=\"wp-block-separator has-alpha-channel-opacity\"\/>\n\n\n\n<p>Quiero que las personas con discapacidad se sientan valoradas, escuchadas y apoyadas. Las personas con discapacidad constituyen una parte importante de nuestra poblaci\u00f3n mundial. Debemos concienciar sobre los problemas relacionados con la inclusi\u00f3n de la discapacidad. Sin apoyo, este grupo queda a\u00fan m\u00e1s marginado y excluido de la sociedad. Incluyendo a nuestra comunidad de discapacitados, podemos derribar las barreras que impiden a las personas alcanzar su pleno potencial.<\/p>\n<\/div>\n<\/div>\n\n\n\t\t\t<\/div>\n\t\t<\/div>\n\t<\/div>\n\n<\/div>","protected":false},"excerpt":{"rendered":"<p>El Mes Nacional de Concienciaci\u00f3n sobre el Empleo de las Personas con Discapacidad (NDEAM) se celebra cada mes de octubre para conmemorar las inestimables contribuciones de las personas con discapacidad a los lugares de trabajo y la econom\u00eda de nuestro pa\u00eds. El tema del NDEAM 2023 es \"Avanzar en el acceso y la equidad\" y refleja la importancia de garantizar que las personas con discapacidad tengan igualdad de oportunidades para prepararse y tener \u00e9xito en el empleo.<\/p>","protected":false},"author":16,"featured_media":14713,"comment_status":"closed","ping_status":"open","sticky":false,"template":"","format":"standard","meta":{"_acf_changed":false,"footnotes":""},"categories":[1],"tags":[],"class_list":["post-14645","post","type-post","status-publish","format-standard","has-post-thumbnail","hentry","category-uncategorized"],"acf":[],"_links":{"self":[{"href":"https:\/\/www.dallassymphony.org\/es\/wp-json\/wp\/v2\/posts\/14645","targetHints":{"allow":["GET"]}}],"collection":[{"href":"https:\/\/www.dallassymphony.org\/es\/wp-json\/wp\/v2\/posts"}],"about":[{"href":"https:\/\/www.dallassymphony.org\/es\/wp-json\/wp\/v2\/types\/post"}],"author":[{"embeddable":true,"href":"https:\/\/www.dallassymphony.org\/es\/wp-json\/wp\/v2\/users\/16"}],"replies":[{"embeddable":true,"href":"https:\/\/www.dallassymphony.org\/es\/wp-json\/wp\/v2\/comments?post=14645"}],"version-history":[{"count":0,"href":"https:\/\/www.dallassymphony.org\/es\/wp-json\/wp\/v2\/posts\/14645\/revisions"}],"wp:featuredmedia":[{"embeddable":true,"href":"https:\/\/www.dallassymphony.org\/es\/wp-json\/wp\/v2\/media\/14713"}],"wp:attachment":[{"href":"https:\/\/www.dallassymphony.org\/es\/wp-json\/wp\/v2\/media?parent=14645"}],"wp:term":[{"taxonomy":"category","embeddable":true,"href":"https:\/\/www.dallassymphony.org\/es\/wp-json\/wp\/v2\/categories?post=14645"},{"taxonomy":"post_tag","embeddable":true,"href":"https:\/\/www.dallassymphony.org\/es\/wp-json\/wp\/v2\/tags?post=14645"}],"curies":[{"name":"wp","href":"https:\/\/api.w.org\/{rel}","templated":true}]}}